{"id":50948,"date":"2026-01-27T01:35:08","date_gmt":"2026-01-26T21:35:08","guid":{"rendered":"https:\/\/erena.me\/2026\/01\/27\/perche-la-gestione-di-the-q-conta-per-il-futuro-urbano-di-norimberga\/"},"modified":"2026-01-27T01:58:15","modified_gmt":"2026-01-26T21:58:15","slug":"perche-la-gestione-di-the-q-conta-per-il-futuro-urbano-di-norimberga","status":"publish","type":"post","link":"https:\/\/erena.me\/it\/2026\/01\/27\/perche-la-gestione-di-the-q-conta-per-il-futuro-urbano-di-norimberga\/","title":{"rendered":"Perch\u00e9 la gestione di The Q conta per il futuro urbano di Norimberga"},"content":{"rendered":"<p>Uno dei pi\u00f9 complessi progetti di riqualificazione urbana di Norimberga \u00e8 entrato in una fase pi\u00f9 silenziosa ma decisiva. Con l\u2019assunzione della piena responsabilit\u00e0 della gestione immobiliare di The Q da parte di T\u00dcV S\u00dcD Advimo, l\u2019attenzione si sposta dai tempi di costruzione e dalle strutture finanziarie verso l\u2019operativit\u00e0 di lungo periodo. Questa transizione segnala che The Q non \u00e8 pi\u00f9 trattato come un progetto in evoluzione, ma come un\u2019infrastruttura chiamata a funzionare in modo affidabile all\u2019interno del sistema amministrativo ed economico della citt\u00e0.<\/p>\n<p>Il sito lungo la F\u00fcrther Stra\u00dfe porta con s\u00e9 profonde radici industriali. Costruito negli anni Cinquanta come parte dell\u2019impero di vendita per corrispondenza Quelle, il complesso incarnava un tempo scala, efficienza e fiducia economica del dopoguerra. Con l\u2019evoluzione dei modelli logistici e lo spostamento delle attivit\u00e0 industriali, gli edifici sono rimasti \u2014 grandi, centrali e sempre pi\u00f9 distaccati dalle esigenze della citt\u00e0. Per anni la sfida non \u00e8 stata se riqualificare l\u2019area, ma come farlo senza trasformarla in un altro enclave commerciale isolata.<\/p>\n<h2>Ripensare la scala invece di cancellarla<\/h2>\n<p>La strategia di The Q evita deliberatamente un approccio di tabula rasa. Invece della demolizione, le strutture esistenti vengono riprogrammate in un complesso a uso misto di circa 60.000 metri quadrati, che combina uffici, spazi commerciali, ristorazione e aree accessibili al pubblico. Al centro del progetto si trova lo Stadthaus Q, un nuovo centro amministrativo comunale progettato per riunire servizi cittadini chiave che in precedenza erano distribuiti su pi\u00f9 sedi.<\/p>\n<p><img fetchpriority=\"high\" decoding=\"async\" class=\"alignnone size-medium\" src=\"https:\/\/www.accumulata.de\/wp-content\/uploads\/2023\/09\/Impression-Suedfassade-1500x1387.jpg\" width=\"1500\" height=\"1387\" alt=\"\" title=\"-\"><br \/>\n<a href=\"https:\/\/www.accumulata.de\/en\/projects\/the-q\/\" target=\"_blank\" rel=\"noopener\">Fonte<\/a><\/p>\n<p>Questo ancoraggio pubblico ridefinisce in modo sostanziale il profilo di rischio del progetto. L\u2019occupazione comunale di lungo periodo stabilizza la domanda e riposiziona The Q come infrastruttura civica piuttosto che come iniziativa immobiliare speculativa. L\u2019obiettivo non \u00e8 semplicemente consegnare metri quadrati, ma reintegrare un ex sito industriale nel funzionamento quotidiano della citt\u00e0, sia sul piano economico sia su quello amministrativo.<\/p>\n<h2>Perch\u00e9 ora la gestione conta pi\u00f9 dell\u2019architettura<\/h2>\n<p>Una volta scomparse le gru, progetti come The Q vengono valutati meno per l\u2019intento architettonico e pi\u00f9 per le prestazioni quotidiane. Sistemi di riscaldamento, protocolli di sicurezza, cicli di manutenzione, efficienza energetica e coordinamento degli occupanti diventano i fattori silenziosi che determinano successo o fallimento.<\/p>\n<p>In questa fase, la gestione immobiliare professionale smette di essere un servizio di sfondo e diventa la spina dorsale dell\u2019asset. \u00c8 qui che il ruolo di T\u00dcV S\u00dcD Advimo diventa centrale. Il mandato comprende sia la gestione tecnica sia quella commerciale, inclusi i sistemi edilizi, la sicurezza e la conformit\u00e0 normativa, le prestazioni energetiche, i rapporti con gli occupanti e i processi operativi quotidiani. L\u2019obiettivo non \u00e8 solo mantenere il complesso in funzione, ma garantire costi prevedibili, continuit\u00e0 operativa e utilizzabilit\u00e0 di lungo periodo per l\u2019amministrazione pubblica e per i tenant privati.<\/p>\n<p><img decoding=\"async\" class=\"alignnone size-medium\" src=\"https:\/\/www.accumulata.de\/wp-content\/uploads\/2023\/09\/Impression-Grosser-Innenhof-1500x1387.jpg\" width=\"1500\" height=\"1387\" alt=\"\" title=\"-\"><br \/>\n<a href=\"https:\/\/www.accumulata.de\/en\/projects\/the-q\/\" target=\"_blank\" rel=\"noopener\">Fonte<\/a><\/p>\n<p>Advimo opera all\u2019interno del gruppo pi\u00f9 ampio T\u00dcV S\u00dcD, associato a livello internazionale a ispezioni, certificazioni e gestione del rischio tecnico. Questo background introduce nella gestione immobiliare una logica orientata al ciclo di vita, che privilegia resilienza, manutenzione preventiva e previsione normativa rispetto all\u2019ottimizzazione di breve termine. Per asset che combinano amministrazione pubblica, attivit\u00e0 commerciali e spazi urbani aperti, questo approccio riduce i rischi operativi su un orizzonte di decenni anzich\u00e9 di anni.<\/p>\n<h2>Credibilit\u00e0 del rilancio e ci\u00f2 che rappresenta The Q<\/h2>\n<p>Lo sviluppo di The Q non ha seguito un percorso lineare. Difficolt\u00e0 finanziarie e una procedura di insolvenza nel 2023 hanno interrotto i lavori e sollevato dubbi sulla sostenibilit\u00e0 di lungo periodo del progetto. Riavviare lo sviluppo ha richiesto pi\u00f9 di nuovi finanziamenti: \u00e8 stato necessario un reset visibile della governance e della credibilit\u00e0 operativa. La nomina di un gestore immobiliare riconosciuto a livello istituzionale \u00e8 stata quindi tanto un segnale quanto una soluzione.<\/p>\n<p><img decoding=\"async\" class=\"alignnone size-medium\" src=\"https:\/\/www.accumulata.de\/wp-content\/uploads\/2023\/09\/7.7.9.9.7-Drohne-Bahnaufgang_%C2%A9pulsschlag-network-GmbH_GERCHGROUP-AG-loRes-loQ-1500x1415.jpg\" width=\"1500\" height=\"1415\" alt=\"\" title=\"-\"><br \/>\n<a href=\"https:\/\/www.accumulata.de\/en\/projects\/the-q\/\" target=\"_blank\" rel=\"noopener\">Fonte<\/a><\/p>\n<p>I progetti che emergono da ristrutturazioni finanziarie spesso faticano a recuperare fiducia. L\u2019incertezza sugli standard di manutenzione, sui costi operativi e sull\u2019impegno di lungo periodo pu\u00f2 persistere anche dopo la ripresa dei lavori. Affidando The Q a una gestione professionale, questi rischi vengono contenuti. Per il Comune di Norimberga, destinato a diventare l\u2019occupante principale, il cambiamento riduce sia l\u2019esposizione operativa sia il rischio politico, sostituendo la gestione di crisi con un\u2019occupazione prevedibile e di lungo periodo.<\/p>\n<p>Oltre Norimberga, The Q riflette un cambiamento pi\u00f9 ampio nel modo in cui le citt\u00e0 tedesche affrontano i grandi progetti di riqualificazione. L\u2019attenzione si sposta dai traguardi costruttivi pi\u00f9 visibili verso governance, efficienza operativa e prestazioni sull\u2019intero ciclo di vita \u2014 una risposta a costi di finanziamento pi\u00f9 elevati e a bilanci pubblici pi\u00f9 stringenti. Le citt\u00e0 hanno scarsa tolleranza per asset che impressionano all\u2019inaugurazione ma si rivelano costosi o inaffidabili nella gestione.<\/p>\n<p>Per Norimberga, The Q \u00e8 in definitiva un banco di prova. Se funzioner\u00e0 come previsto, dimostrer\u00e0 che il patrimonio industriale pu\u00f2 essere trasformato in infrastruttura civica funzionale senza diventare un onere di lungo periodo. Con T\u00dcV S\u00dcD Advimo ora responsabile della gestione operativa, il progetto ha superato la fase di riqualificazione ed \u00e8 entrato nella fase pi\u00f9 impegnativa e meno visibile della vita urbana permanente.<\/p>\n","protected":false},"excerpt":{"rendered":"<p>Uno dei pi\u00f9 complessi progetti di riqualificazione urbana di Norimberga \u00e8 entrato in una fase pi\u00f9&hellip;<\/p>\n","protected":false},"author":7,"featured_media":50940,"comment_status":"open","ping_status":"open","sticky":false,"template":"","format":"standard","meta":{"_lmt_disableupdate":"","_lmt_disable":"","footnotes":""},"categories":[102],"tags":[152],"class_list":["post-50948","post","type-post","status-publish","format-standard","has-post-thumbnail","hentry","category-analisi-e-previsioni","tag-germania"],"_links":{"self":[{"href":"https:\/\/erena.me\/it\/wp-json\/wp\/v2\/posts\/50948","targetHints":{"allow":["GET"]}}],"collection":[{"href":"https:\/\/erena.me\/it\/wp-json\/wp\/v2\/posts"}],"about":[{"href":"https:\/\/erena.me\/it\/wp-json\/wp\/v2\/types\/post"}],"author":[{"embeddable":true,"href":"https:\/\/erena.me\/it\/wp-json\/wp\/v2\/users\/7"}],"replies":[{"embeddable":true,"href":"https:\/\/erena.me\/it\/wp-json\/wp\/v2\/comments?post=50948"}],"version-history":[{"count":0,"href":"https:\/\/erena.me\/it\/wp-json\/wp\/v2\/posts\/50948\/revisions"}],"wp:featuredmedia":[{"embeddable":true,"href":"https:\/\/erena.me\/it\/wp-json\/wp\/v2\/media\/50940"}],"wp:attachment":[{"href":"https:\/\/erena.me\/it\/wp-json\/wp\/v2\/media?parent=50948"}],"wp:term":[{"taxonomy":"category","embeddable":true,"href":"https:\/\/erena.me\/it\/wp-json\/wp\/v2\/categories?post=50948"},{"taxonomy":"post_tag","embeddable":true,"href":"https:\/\/erena.me\/it\/wp-json\/wp\/v2\/tags?post=50948"}],"curies":[{"name":"wp","href":"https:\/\/api.w.org\/{rel}","templated":true}]}}