{"id":50270,"date":"2025-12-03T05:51:24","date_gmt":"2025-12-03T01:51:24","guid":{"rendered":"https:\/\/erena.me\/2025\/12\/03\/come-i-prezzi-delle-case-si-sono-distaccati-dagli-affitti-nelle-grandi-citta-del-mondo\/"},"modified":"2025-12-03T06:14:07","modified_gmt":"2025-12-03T02:14:07","slug":"come-i-prezzi-delle-case-si-sono-distaccati-dagli-affitti-nelle-grandi-citta-del-mondo","status":"publish","type":"post","link":"https:\/\/erena.me\/it\/2025\/12\/03\/come-i-prezzi-delle-case-si-sono-distaccati-dagli-affitti-nelle-grandi-citta-del-mondo\/","title":{"rendered":"Come i prezzi delle case si sono distaccati dagli affitti nelle grandi citt\u00e0 del mondo"},"content":{"rendered":"<p>L\u2019ultimo decennio ha ridisegnato il panorama immobiliare globale. Nelle principali metropoli il legame tradizionale tra il costo delle abitazioni e i ricavi generati dagli affitti si \u00e8 allentato, rivelando una frattura strutturale pi\u00f9 profonda di quanto suggerirebbe un normale ciclo di mercato. Nel corso degli anni il divario tra prezzi e affitti si \u00e8 ampliato in modo irregolare tra i continenti, dividendo i mercati in citt\u00e0 trainate dai capitali, centri urbani sotto pressione locativa e poli maturi entrati in una fase di riassestamento post-boom. Questa divergenza ha rimodellato l\u2019accessibilit\u00e0, compresso i rendimenti e messo in luce le forze che definiranno la dinamica residenziale nei prossimi anni.<\/p>\n<h2>Un decennio di crescente disconnessione tra prezzi e affitti<\/h2>\n<p>In molte grandi citt\u00e0 i prezzi di acquisto sono aumentati molto pi\u00f9 rapidamente degli affitti. Miami \u00e8 uno degli esempi pi\u00f9 evidenti: i valori reali delle abitazioni sono saliti del <strong>93,1 percento<\/strong>, mentre gli affitti sono cresciuti solo del <strong>12,7 percento<\/strong>. L\u2019entit\u00e0 di questo divario riflette un cambiamento strutturale della domanda piuttosto che un normale incremento ciclico. Amsterdam e Tokyo mostrano uno squilibrio altrettanto marcato, con i prezzi aumentati del <strong>64\u201366 percento<\/strong> contro un incremento degli affitti limitato al <strong>17\u201323 percento<\/strong>, spingendo i rendimenti ai livelli minimi di molti anni e rendendo le valutazioni fortemente dipendenti dai flussi di capitale e da un\u2019offerta limitata.<\/p>\n<p>Toronto e Francoforte seguono lo stesso schema. I prezzi sono aumentati del <strong>48,0 percento<\/strong> e <strong>42,4 percento<\/strong>, mentre gli affitti sono cresciuti solo dell\u2019<strong>8,3 percento<\/strong> e <strong>14,9 percento<\/strong>.<br \/>\nLos Angeles evidenzia ancora pi\u00f9 chiaramente il distacco: i valori delle abitazioni sono saliti del <strong>42,4 percento<\/strong>, mentre gli affitti <strong>sono diminuiti del 2 percento<\/strong>. Ci\u00f2 riflette un mercato della propriet\u00e0 sempre pi\u00f9 influenzato dai flussi di investimento piuttosto che dall\u2019accessibilit\u00e0 dei locatari.<\/p>\n<p>In queste citt\u00e0 l\u2019abitazione funziona ormai come un vero e proprio asset finanziario, dove scarsit\u00e0, concentrazione della ricchezza e slancio degli investitori dominano sui fondamentali locativi che un tempo ancoravano il valore.<\/p>\n<h2>Citt\u00e0 spinte dalla pressione degli affitti pi\u00f9 che dalla speculazione sull\u2019acquisto<\/h2>\n<p>Altri mercati sono stati plasmati principalmente dalla dinamica degli affitti. Madrid \u00e8 l\u2019esempio pi\u00f9 significativo. Gli affitti reali sono aumentati del <strong>48 percento<\/strong>, il valore pi\u00f9 alto tra tutte le citt\u00e0, mentre i prezzi delle case sono cresciuti del <strong>42,4 percento<\/strong>.<br \/>\nCi\u00f2 riflette un mercato sottoposto a forte crescita demografica, pressione turistica e aumento degli alloggi a breve termine, tutti fattori che hanno ridotto l\u2019offerta di affitti a lungo termine e spinto i canoni verso l\u2019alto da una base storicamente bassa.<\/p>\n<p>Un secondo gruppo di citt\u00e0, tra cui Monaco, Singapore, Sydney e Vancouver, mostra un andamento pi\u00f9 allineato tra prezzi e affitti. I valori immobiliari sono aumentati del <strong>16\u201340 percento<\/strong>, mentre gli affitti sono cresciuti del <strong>18\u201322 percento<\/strong>. Nonostante i costi elevati, questi mercati mantengono un rapporto funzionale tra valore dell\u2019asset e reddito, sostenendo valutazioni pi\u00f9 stabili nel lungo periodo.<\/p>\n<p>Ginevra si avvicina a questo gruppo equilibrato. I prezzi sono aumentati del <strong>17,2 percento<\/strong>, mentre gli affitti sono cresciuti solo dell\u2019<strong>1 percento<\/strong>, ma rigide norme sull\u2019uso del suolo e un\u2019elevata base di reddito contribuiscono a sostenere le valutazioni.<br \/>\nDubai segue un andamento simile: prezzi in crescita del <strong>12,7 percento<\/strong>, affitti del <strong>2 percento<\/strong>, con una rapida espansione dell\u2019offerta che assorbe la domanda locativa alimentata dalla crescita della popolazione.<\/p>\n<h2>Mercati post-boom in fase di ricalibrazione<\/h2>\n<p>Un terzo gruppo di citt\u00e0 mostra segnali evidenti di stagnazione o correzione dopo anni di forte apprezzamento. Hong Kong sta attraversando l\u2019inversione pi\u00f9 brusca: i prezzi reali delle abitazioni sono diminuiti del <strong>19,9 percento<\/strong>, mentre gli affitti sono calati dell\u2019<strong>11,4 percento<\/strong>, il calo combinato pi\u00f9 marcato tra tutti i mercati. Un tempo uno degli ambienti immobiliari pi\u00f9 surriscaldati al mondo, ora la citt\u00e0 vive una ricalibrazione ampia dovuta a cambiamenti geopolitici, minore attivit\u00e0 aziendale e crescente concorrenza regionale.<\/p>\n<p>San Francisco rappresenta una forma diversa di squilibrio. I prezzi delle case sono saliti solo del <strong>7,2 percento<\/strong>, mentre gli affitti sono crollati del <strong>19,1 percento<\/strong>, riflettendo i modelli di lavoro da remoto e il continuo spostamento dei locatari dal centro urbano.<br \/>\nLondra, New York e Parigi si collocano tra stagnazione e lieve correzione. I prezzi reali sono rimasti vicini allo zero o leggermente in calo, mentre gli affitti sono diminuiti del <strong>7\u201310 percento<\/strong>. Queste citt\u00e0 hanno raggiunto presto i loro limiti di accessibilit\u00e0 e i cambiamenti sul lavoro, nella regolamentazione e nella demografia hanno rallentato la loro dinamica.<\/p>\n<h2>Un panorama globale frammentato modellato da tre logiche di mercato<\/h2>\n<p>Nel complesso, queste traiettorie non rivelano una singola tendenza globale, ma tre logiche di mercato distinte.<\/p>\n<p>La prima comprende le citt\u00e0 trainate dal capitale, dove i prezzi si sono distaccati dai fondamentali degli affitti. Miami, Amsterdam, Tokyo, Toronto, Francoforte e Los Angeles dipendono fortemente dalla scarsit\u00e0, dai flussi di investimento e dalla concentrazione della ricchezza.<\/p>\n<p>La seconda include i mercati in cui prezzi e affitti si sono mossi parallelamente, preservando una dinamica pi\u00f9 sana tra valore e reddito. Monaco, Singapore, Sydney, Vancouver e parte di Zurigo e Ginevra mostrano strutture di valutazione pi\u00f9 solide.<\/p>\n<p>Il terzo gruppo comprende mercati post-boom che stanno ora affrontando limiti strutturali, domanda in evoluzione e cambiamenti demografici. Hong Kong, Londra, Parigi, New York e San Francisco sono esempi di centri urbani in fase di ricalibrazione dopo periodi prolungati di surriscaldamento.<\/p>\n<h2>Cosa erediter\u00e0 il prossimo decennio<\/h2>\n<p>La disconnessione degli ultimi anni comporta implicazioni significative per accessibilit\u00e0, rischio e stabilit\u00e0. Le citt\u00e0 in cui i prezzi hanno costantemente superato gli affitti presentano vulnerabilit\u00e0 pi\u00f9 profonde: pi\u00f9 ampio \u00e8 il divario, pi\u00f9 debole \u00e8 la base di reddito che sostiene le valutazioni. Questi mercati entrano nella prossima fase pi\u00f9 esposti a variazioni dei tassi, cambiamenti nei flussi di capitale e shock dell\u2019offerta.<\/p>\n<p>Al contrario, i mercati in cui gli affitti hanno tenuto il passo con i prezzi \u2014 o in cui le correzioni sono gi\u00e0 avvenute \u2014 si trovano su basi pi\u00f9 solide. Le loro valutazioni dipendono pi\u00f9 direttamente dal reddito che dalla dinamica speculativa.<\/p>\n<p>Il ciclo immobiliare globale non si muove pi\u00f9 all\u2019unisono. Si \u00e8 diviso in molteplici traiettorie modellate da demografia, pressione locativa, movimenti di capitale e vincoli dell\u2019offerta. In tutte le regioni un segnale rimane costante: l\u2019allineamento tra prezzo e affitto resta l\u2019indicatore pi\u00f9 chiaro di resilienza a lungo termine.<\/p>\n","protected":false},"excerpt":{"rendered":"<p>L\u2019ultimo decennio ha ridisegnato il panorama immobiliare globale. Nelle principali metropoli il legame tradizionale tra il&hellip;<\/p>\n","protected":false},"author":7,"featured_media":50262,"comment_status":"open","ping_status":"open","sticky":false,"template":"","format":"standard","meta":{"_lmt_disableupdate":"","_lmt_disable":"","footnotes":""},"categories":[102,64,119],"tags":[461,527,230,152,394,431,169,426],"class_list":["post-50270","post","type-post","status-publish","format-standard","has-post-thumbnail","hentry","category-analisi-e-previsioni","category-statistiche","category-strumento-di-confronto-tra-paesi","tag-eau-it","tag-estero","tag-francia","tag-germania","tag-paesi-bassi","tag-regno-unito","tag-spagna","tag-svizzera"],"_links":{"self":[{"href":"https:\/\/erena.me\/it\/wp-json\/wp\/v2\/posts\/50270","targetHints":{"allow":["GET"]}}],"collection":[{"href":"https:\/\/erena.me\/it\/wp-json\/wp\/v2\/posts"}],"about":[{"href":"https:\/\/erena.me\/it\/wp-json\/wp\/v2\/types\/post"}],"author":[{"embeddable":true,"href":"https:\/\/erena.me\/it\/wp-json\/wp\/v2\/users\/7"}],"replies":[{"embeddable":true,"href":"https:\/\/erena.me\/it\/wp-json\/wp\/v2\/comments?post=50270"}],"version-history":[{"count":0,"href":"https:\/\/erena.me\/it\/wp-json\/wp\/v2\/posts\/50270\/revisions"}],"wp:featuredmedia":[{"embeddable":true,"href":"https:\/\/erena.me\/it\/wp-json\/wp\/v2\/media\/50262"}],"wp:attachment":[{"href":"https:\/\/erena.me\/it\/wp-json\/wp\/v2\/media?parent=50270"}],"wp:term":[{"taxonomy":"category","embeddable":true,"href":"https:\/\/erena.me\/it\/wp-json\/wp\/v2\/categories?post=50270"},{"taxonomy":"post_tag","embeddable":true,"href":"https:\/\/erena.me\/it\/wp-json\/wp\/v2\/tags?post=50270"}],"curies":[{"name":"wp","href":"https:\/\/api.w.org\/{rel}","templated":true}]}}