{"id":42330,"date":"2025-07-22T22:11:04","date_gmt":"2025-07-22T18:11:04","guid":{"rendered":"https:\/\/erena.me\/?p=42330"},"modified":"2025-07-22T22:12:33","modified_gmt":"2025-07-22T18:12:33","slug":"trasforma-il-tuo-balcone-in-un-vero-spazio-abitativo","status":"publish","type":"post","link":"https:\/\/erena.me\/it\/2025\/07\/22\/trasforma-il-tuo-balcone-in-un-vero-spazio-abitativo\/","title":{"rendered":"Trasforma il tuo balcone in un vero spazio abitativo"},"content":{"rendered":"<p>Nelle citt\u00e0 europee densamente popolate, dove ogni metro quadrato conta, il balcone sta assumendo un nuovo ruolo. Non \u00e8 pi\u00f9 solo uno spazio per stendere il bucato o conservare oggetti inutilizzati, ma pu\u00f2 diventare una vera estensione dell\u2019appartamento: un ufficio domestico, una zona relax, una piccola sala da pranzo o persino una stanza per gli ospiti. Oltre a migliorare la qualit\u00e0 della vita, questa trasformazione pu\u00f2 aumentare significativamente il valore dell\u2019immobile.<\/p>\n<h2>Perch\u00e9 conviene trasformare il balcone<\/h2>\n<p>Con i prezzi immobiliari in costante aumento in citt\u00e0 come Parigi, Milano, Vienna o Amsterdam, i proprietari cercano di valorizzare ogni spazio disponibile. Un balcone di 4\u20138\u202fm\u00b2 ben progettato pu\u00f2 aggiungere funzionalit\u00e0 e stile alla casa.<\/p>\n<p>Un balcone chiuso e ben isolato pu\u00f2 aumentare il valore dell\u2019immobile dal 5 al 10\u202f%. A Lisbona, ad esempio, un monolocale di 35 m\u00b2 senza balcone pu\u00f2 essere venduto a circa 190.000 \u20ac, mentre uno con balcone trasformato pu\u00f2 raggiungere anche i 205.000\u2013210.000 \u20ac.<\/p>\n<h2>Usi pi\u00f9 comuni<\/h2>\n<p>A seconda delle dimensioni, dell\u2019orientamento e della luce naturale, il balcone pu\u00f2 diventare:<\/p>\n<ul>\n<li><strong>Ufficio domestico<\/strong> \u2013 soluzione ideale per il lavoro da remoto<\/li>\n<li><strong>Zona relax o salotto<\/strong> \u2013 per leggere o rilassarsi<\/li>\n<li><strong>Sala da pranzo<\/strong> \u2013 molto popolare nelle regioni mediterranee<\/li>\n<li><strong>Stanza per gli ospiti<\/strong> \u2013 se ben isolata<\/li>\n<li><strong>Spazio creativo<\/strong> \u2013 per hobby o lavori manuali<\/li>\n<li><strong>Giardino verticale<\/strong> \u2013 con piante sospese o pareti verdi<\/li>\n<\/ul>\n<h2>Costi medi di trasformazione in Europa<\/h2>\n<p>I costi variano da paese a paese e in base alla qualit\u00e0 dei materiali. Ecco una panoramica dei prezzi medi per un balcone di 6\u202fm\u00b2:<\/p>\n<div class=\"pcrstb-wrap\"><table>\n<thead>\n<tr>\n<th>Paese<\/th>\n<th>Costo medio (6\u202fm\u00b2)<\/th>\n<\/tr>\n<\/thead>\n<tbody>\n<tr>\n<td>Francia<\/td>\n<td>5.000 \u20ac \u2013 12.000 \u20ac<\/td>\n<\/tr>\n<tr>\n<td>Germania<\/td>\n<td>6.000 \u20ac \u2013 15.000 \u20ac<\/td>\n<\/tr>\n<tr>\n<td>Italia<\/td>\n<td>4.500 \u20ac \u2013 11.000 \u20ac<\/td>\n<\/tr>\n<tr>\n<td>Spagna<\/td>\n<td>4.000 \u20ac \u2013 10.000 \u20ac<\/td>\n<\/tr>\n<tr>\n<td>Portogallo<\/td>\n<td>3.500 \u20ac \u2013 8.000 \u20ac<\/td>\n<\/tr>\n<tr>\n<td>Repubblica Ceca<\/td>\n<td>3.000 \u20ac \u2013 7.000 \u20ac<\/td>\n<\/tr>\n<tr>\n<td>Paesi Bassi<\/td>\n<td>6.000 \u20ac \u2013 13.000 \u20ac<\/td>\n<\/tr>\n<\/tbody>\n<\/table><\/div>\n<p>I prezzi includono solitamente infissi in vetro, isolamento termico, pavimentazione, illuminazione, riscaldamento e arredi fissi.<\/p>\n<h2>Aspetti legali<\/h2>\n<p>Trasformare un balcone in spazio abitabile pu\u00f2 richiedere autorizzazioni:<\/p>\n<ul>\n<li><strong>Francia<\/strong>: qualsiasi modifica visibile esternamente richiede comunicazione al comune<\/li>\n<li><strong>Germania<\/strong>: serve l\u2019approvazione del condominio e un permesso edilizio<\/li>\n<li><strong>Spagna<\/strong>: in citt\u00e0 come Madrid o Barcellona le regole sono molto severe<\/li>\n<li><strong>Italia<\/strong>: spesso \u00e8 necessario un progetto redatto da un architetto e l\u2019autorizzazione del Comune<\/li>\n<\/ul>\n<p>In caso di irregolarit\u00e0, sono previste sanzioni da 1.000 \u20ac a 5.000 \u20ac e l\u2019obbligo di ripristino.<\/p>\n<h2>Isolamento e comfort<\/h2>\n<p>Per un utilizzo durante tutto l\u2019anno \u00e8 indispensabile un buon isolamento:<\/p>\n<ul>\n<li><strong>Vetri doppi<\/strong>: da 300 \u20ac\/m\u00b2 in su<\/li>\n<li><strong>Pavimento<\/strong>: isolamento + rivestimento a partire da 60 \u20ac\/m\u00b2<\/li>\n<li><strong>Pareti<\/strong>: con lana minerale, cartongesso o pannelli in sughero<\/li>\n<li><strong>Riscaldamento<\/strong>: radiatori elettrici o riscaldamento a pavimento da 500 \u20ac per 6 m\u00b2<\/li>\n<\/ul>\n<p>\u00c8 fondamentale anche una corretta ventilazione per evitare muffe e condensa.<\/p>\n<h2>Arredi e decorazioni intelligenti<\/h2>\n<p>L\u2019arredamento deve essere compatto e multifunzionale:<\/p>\n<ul>\n<li>Tavolini pieghevoli o a parete<\/li>\n<li>Panchine contenitore<\/li>\n<li>Mensole verticali<\/li>\n<li>Illuminazione soft: strisce LED, lampade a sospensione<\/li>\n<li>Piante in vasi sospesi o moduli verticali<\/li>\n<\/ul>\n<p>Anche su 4\u202fm\u00b2 si pu\u00f2 ricavare una zona studio, un piccolo salotto o un angolo verde.<\/p>\n<h2>Esempi reali in Europa<\/h2>\n<ul>\n<li><strong>Berlino<\/strong>: una coppia ha speso 6.500 \u20ac per trasformare il balcone in ufficio. L\u2019affitto \u00e8 aumentato di 120 \u20ac al mese.<\/li>\n<li><strong>Barcellona<\/strong>: loggia trasformata in sala da pranzo vetrata per circa 7.000 \u20ac.<\/li>\n<li><strong>Praga<\/strong>: monolocale con balcone abitabile venduto a 15.000 \u20ac in pi\u00f9 rispetto a uno senza.<\/li>\n<\/ul>\n<h2>Quando conviene<\/h2>\n<p>Questa trasformazione ha senso se:<\/p>\n<ul>\n<li>Vivi nell\u2019appartamento a lungo termine<\/li>\n<li>Vuoi aumentare il valore di mercato<\/li>\n<li>Intendi affittare a un prezzo pi\u00f9 alto<\/li>\n<li>Hai bisogno di uno spazio in pi\u00f9 utilizzabile tutto l\u2019anno<\/li>\n<\/ul>\n<p>Un investimento tra 6.000 \u20ac e 10.000 \u20ac pu\u00f2 generare un ritorno fino a 20.000 \u20ac o aumentare la redditivit\u00e0 locativa del 5\u201310\u202f%.<\/p>\n<h2>Alternative nei nuovi edifici<\/h2>\n<p>Sempre pi\u00f9 nuovi complessi residenziali prevedono balconi chiusi o logge gi\u00e0 predisposte per un uso abitativo. Se acquisti su carta, considera attentamente questa opzione.<\/p>\n<h2>Conclusione<\/h2>\n<p>Il balcone non \u00e8 pi\u00f9 uno spazio secondario. Con i giusti accorgimenti e un progetto ben fatto, pu\u00f2 diventare una parte funzionale e preziosa della casa. Che sia un ufficio, una zona relax o una mini serra, valorizzare il balcone significa migliorare la qualit\u00e0 della vita e aumentare il valore del proprio immobile.<\/p>\n","protected":false},"excerpt":{"rendered":"<p>Nelle citt\u00e0 europee densamente popolate, dove ogni metro quadrato conta, il balcone sta assumendo un nuovo&hellip;<\/p>\n","protected":false},"author":5,"featured_media":42295,"comment_status":"open","ping_status":"open","sticky":false,"template":"","format":"standard","meta":{"_lmt_disableupdate":"","_lmt_disable":"","footnotes":""},"categories":[287],"tags":[146],"class_list":["post-42330","post","type-post","status-publish","format-standard","has-post-thumbnail","hentry","category-stile-di-vita","tag-guida"],"_links":{"self":[{"href":"https:\/\/erena.me\/it\/wp-json\/wp\/v2\/posts\/42330","targetHints":{"allow":["GET"]}}],"collection":[{"href":"https:\/\/erena.me\/it\/wp-json\/wp\/v2\/posts"}],"about":[{"href":"https:\/\/erena.me\/it\/wp-json\/wp\/v2\/types\/post"}],"author":[{"embeddable":true,"href":"https:\/\/erena.me\/it\/wp-json\/wp\/v2\/users\/5"}],"replies":[{"embeddable":true,"href":"https:\/\/erena.me\/it\/wp-json\/wp\/v2\/comments?post=42330"}],"version-history":[{"count":0,"href":"https:\/\/erena.me\/it\/wp-json\/wp\/v2\/posts\/42330\/revisions"}],"wp:featuredmedia":[{"embeddable":true,"href":"https:\/\/erena.me\/it\/wp-json\/wp\/v2\/media\/42295"}],"wp:attachment":[{"href":"https:\/\/erena.me\/it\/wp-json\/wp\/v2\/media?parent=42330"}],"wp:term":[{"taxonomy":"category","embeddable":true,"href":"https:\/\/erena.me\/it\/wp-json\/wp\/v2\/categories?post=42330"},{"taxonomy":"post_tag","embeddable":true,"href":"https:\/\/erena.me\/it\/wp-json\/wp\/v2\/tags?post=42330"}],"curies":[{"name":"wp","href":"https:\/\/api.w.org\/{rel}","templated":true}]}}