{"id":42087,"date":"2025-07-21T19:59:54","date_gmt":"2025-07-21T15:59:54","guid":{"rendered":"https:\/\/erena.me\/?p=42087"},"modified":"2025-07-21T20:02:55","modified_gmt":"2025-07-21T16:02:55","slug":"come-i-mobili-multifunzione-sono-diventati-essenziali-negli-appartamenti-compatti-delle-citta","status":"publish","type":"post","link":"https:\/\/erena.me\/it\/2025\/07\/21\/come-i-mobili-multifunzione-sono-diventati-essenziali-negli-appartamenti-compatti-delle-citta\/","title":{"rendered":"Come i mobili multifunzione sono diventati essenziali negli appartamenti compatti delle citt\u00e0"},"content":{"rendered":"<p>Con l\u2019aumento della densit\u00e0 urbana e dei prezzi immobiliari in tutta Europa, i residenti delle citt\u00e0 devono affrontare una nuova sfida: sfruttare al massimo spazi abitativi sempre pi\u00f9 ridotti. Una delle soluzioni pi\u00f9 efficaci e innovative emerse negli ultimi anni \u00e8 rappresentata dai <strong>mobili multifunzione<\/strong>. In un contesto in cui ogni metro quadro conta, questi arredi si sono trasformati da semplici accessori di design a <strong>strumenti indispensabili<\/strong> per la vita quotidiana.<\/p>\n<h2>Vita urbana: spazi che si restringono, esigenze che crescono<\/h2>\n<p>Secondo i dati Eurostat, la superficie media degli appartamenti nelle principali capitali europee \u00e8 in costante diminuzione. A <strong>Parigi<\/strong>, un\u2019abitazione di nuova costruzione misura in media <strong>55 m\u00b2<\/strong>, ad <strong>Amsterdam<\/strong> <strong>60 m\u00b2<\/strong>, a <strong>Berlino<\/strong> <strong>58 m\u00b2<\/strong> e a <strong>Barcellona<\/strong> <strong>57 m\u00b2<\/strong>. A soffrirne maggiormente sono affittuari, giovani coppie, lavoratori da remoto e studenti universitari.<\/p>\n<p>In questo scenario di urbanizzazione accelerata e aumento dei canoni di affitto, i mobili trasformabili rappresentano una soluzione intelligente ed economica, senza sacrificare estetica e funzionalit\u00e0.<\/p>\n<h2>Cosa sono i mobili multifunzione?<\/h2>\n<p>I mobili multifunzione (o a doppio uso) sono elementi d\u2019arredo progettati per svolgere <strong>due o pi\u00f9 funzioni<\/strong>. Tra i modelli pi\u00f9 richiesti:<\/p>\n<ul>\n<li><strong>Divani letto<\/strong>: comodi di giorno, letti veri e propri di notte<\/li>\n<li><strong>Tavoli estensibili o a scomparsa<\/strong>: da scrivania a tavolo da pranzo<\/li>\n<li><strong>Letti con contenitore<\/strong>: spazio extra senza ingombro<\/li>\n<li><strong>Scrivanie a parete pieghevoli<\/strong>: perfette per il lavoro da casa<\/li>\n<li><strong>Pouf con vano portaoggetti<\/strong> o trasformabili in tavolino<\/li>\n<\/ul>\n<p>Le versioni pi\u00f9 moderne includono <strong>prese USB integrate<\/strong>, <strong>regolazioni in altezza<\/strong>, <strong>ruote<\/strong> e <strong>moduli personalizzabili<\/strong>.<\/p>\n<h2>Domanda in crescita nel mercato europeo<\/h2>\n<p>Secondo Statista, il mercato dell\u2019arredamento trasformabile in Europa \u00e8 cresciuto del <strong>12% nel 2024<\/strong> rispetto all\u2019anno precedente. I paesi pi\u00f9 dinamici:<\/p>\n<ul>\n<li><strong>Paesi Bassi<\/strong>: Utrecht e L\u2019Aia puntano su soluzioni salvaspazio<\/li>\n<li><strong>Francia<\/strong>: a Parigi gli appartamenti di 25\u201335 m\u00b2 sono la norma<\/li>\n<li><strong>Germania<\/strong>: Berlino e Amburgo investono nei micro-living<\/li>\n<li><strong>Italia e Spagna<\/strong>: grande diffusione nei centri storici e affitti brevi<\/li>\n<\/ul>\n<p>Fasce di prezzo medie per i mobili multifunzione:<\/p>\n<ul>\n<li>Divani letto di qualit\u00e0: <strong>\u20ac600\u2013\u20ac1.500<\/strong><\/li>\n<li>Letti contenitore: <strong>\u20ac500\u2013\u20ac1.200<\/strong><\/li>\n<li>Postazioni di lavoro modulari: <strong>\u20ac200\u2013\u20ac800<\/strong><\/li>\n<li>Scrivanie a scomparsa o armadi convertibili: <strong>da \u20ac900 in su<\/strong><\/li>\n<\/ul>\n<h2>Brand e tendenze di design<\/h2>\n<p>Marchi internazionali e italiani stanno rispondendo alla domanda con nuove proposte:<\/p>\n<ul>\n<li><strong>IKEA<\/strong>: le linee BRIMNES e LINNMON, pensate per ambienti piccoli<\/li>\n<li><strong>BoConcept<\/strong> (Danimarca): arredi di fascia alta con design essenziale<\/li>\n<li><strong>Resource Furniture<\/strong> (Italia\/USA): mobili di lusso trasformabili<\/li>\n<li><strong>LAGO<\/strong> (Italia): sistemi modulari sospesi<\/li>\n<li><strong>Muji<\/strong> e <strong>Nitori<\/strong> (Giappone): stile minimale che conquista anche l\u2019Europa<\/li>\n<\/ul>\n<p>Sono in aumento anche le soluzioni <strong>su misura<\/strong> o <strong>fai-da-te<\/strong>, soprattutto per chi ha esigenze particolari o desidera ridurre l\u2019impatto ambientale.<\/p>\n<h2>Sostenibilit\u00e0 e tecnologia integrata<\/h2>\n<p>I produttori pi\u00f9 attenti utilizzano <strong>materiali riciclati<\/strong>, <strong>meccanismi durevoli<\/strong> e componenti ecocompatibili. Alcune funzioni sempre pi\u00f9 comuni:<\/p>\n<ul>\n<li><strong>Chiusura ammortizzata<\/strong>,<\/li>\n<li><strong>Illuminazione LED integrata<\/strong>,<\/li>\n<li><strong>Elementi magnetici e a incastro<\/strong><\/li>\n<\/ul>\n<p>La nuova frontiera \u00e8 rappresentata dai <strong>mobili intelligenti<\/strong>: tavoli con ricarica wireless, letti controllabili via app o tramite comandi vocali all\u2019interno di case domotiche.<\/p>\n<h2>Migliorare la qualit\u00e0 della vita<\/h2>\n<p>Per chi vive in citt\u00e0, i mobili multifunzione non sono solo una questione di spazio, ma di <strong>qualit\u00e0 dell\u2019abitare<\/strong>. Sono perfetti per:<\/p>\n<ul>\n<li><strong>Smart worker<\/strong> che necessitano di scrivanie invisibili<\/li>\n<li><strong>Giovani coppie<\/strong> in cerca di versatilit\u00e0 in un\u2019unica stanza<\/li>\n<li><strong>Anziani<\/strong> che desiderano case pi\u00f9 gestibili<\/li>\n<li><strong>Proprietari<\/strong> che vogliono aumentare il valore dei propri immobili<\/li>\n<\/ul>\n<h2>Un\u2019opportunit\u00e0 per gli investitori<\/h2>\n<p>Sempre pi\u00f9 investitori scelgono mobili a doppio uso per:<\/p>\n<ul>\n<li>Aumentare l\u2019attrattiva di appartamenti in affitto<\/li>\n<li>Valorizzare monolocali e bilocali sotto i <strong>40 m\u00b2<\/strong><\/li>\n<li>Offrire spazi adattabili a diversi profili di inquilino<\/li>\n<\/ul>\n<p>In citt\u00e0 come Berlino, Amsterdam e Madrid, queste unit\u00e0 possono raggiungere affitti mensili tra <strong>\u20ac700 e \u20ac1.500<\/strong>, a seconda della posizione e dell\u2019arredo.<\/p>\n<h2>Esempi in tutta Europa<\/h2>\n<ul>\n<li><strong>Parigi<\/strong>: letti a scomparsa e cucine compatte nei piccoli studi del 3\u00b0 e 11\u00b0 arrondissement<\/li>\n<li><strong>Berlino<\/strong>: nuovi complessi residenziali con mobili integrati<\/li>\n<li><strong>Milano<\/strong>: divani che si trasformano in letti a castello e pareti scorrevoli<\/li>\n<li><strong>Barcellona<\/strong>: tavoli retrattili e scrivanie a scomparsa negli affitti turistici<\/li>\n<\/ul>\n<h2>Il futuro dell\u2019abitare compatto<\/h2>\n<p>Nel prossimo futuro, gli appartamenti dovranno soddisfare pi\u00f9 esigenze contemporaneamente: <strong>abitazione, ufficio, spazio per il relax e l\u2019ospitalit\u00e0<\/strong>. I mobili multifunzione sono destinati a diventare la chiave di volta di questo nuovo stile di vita.<\/p>\n<p>Tendenze emergenti:<\/p>\n<ul>\n<li><strong>Sistemi di stoccaggio integrati nelle pareti<\/strong><\/li>\n<li><strong>Arredi per esterni trasformabili<\/strong> per balconi e terrazze<\/li>\n<li><strong>Mobili tech-friendly<\/strong> che si adattano alla giornata dell\u2019utente<\/li>\n<li><strong>Design circolare<\/strong>, per riutilizzo e riciclo dei materiali<\/li>\n<\/ul>\n<h2>Conclusione<\/h2>\n<p>I mobili multifunzione non sono pi\u00f9 una moda ma una <strong>necessit\u00e0 reale<\/strong> per vivere bene in spazi ristretti. Adatti a tutte le et\u00e0 e stili di vita, rappresentano la risposta concreta alle sfide dell\u2019abitare urbano del 2025.<\/p>\n<p><strong>In sintesi:<\/strong><\/p>\n<ul>\n<li>Le metrature delle case urbane sono in calo<\/li>\n<li>I mobili multifunzione aiutano a ottimizzare lo spazio disponibile<\/li>\n<li>La domanda cresce grazie allo smart working e ai cambiamenti nello stile di vita<\/li>\n<li>Brand e designer puntano su soluzioni modulari, sostenibili e tecnologiche<\/li>\n<li>Per gli investitori, \u00e8 un modo intelligente per aumentare il valore e la vivibilit\u00e0 di un immobile<\/li>\n<\/ul>\n<p>In Europa, il futuro dell\u2019abitare urbano \u00e8 compatto, intelligente e pieno di possibilit\u00e0 trasformabili.<\/p>\n","protected":false},"excerpt":{"rendered":"<p>Con l\u2019aumento della densit\u00e0 urbana e dei prezzi immobiliari in tutta Europa, i residenti delle citt\u00e0&hellip;<\/p>\n","protected":false},"author":5,"featured_media":41765,"comment_status":"open","ping_status":"open","sticky":false,"template":"","format":"standard","meta":{"_lmt_disableupdate":"","_lmt_disable":"","footnotes":""},"categories":[72],"tags":[146],"class_list":["post-42087","post","type-post","status-publish","format-standard","has-post-thumbnail","hentry","category-informazioni","tag-guida"],"_links":{"self":[{"href":"https:\/\/erena.me\/it\/wp-json\/wp\/v2\/posts\/42087","targetHints":{"allow":["GET"]}}],"collection":[{"href":"https:\/\/erena.me\/it\/wp-json\/wp\/v2\/posts"}],"about":[{"href":"https:\/\/erena.me\/it\/wp-json\/wp\/v2\/types\/post"}],"author":[{"embeddable":true,"href":"https:\/\/erena.me\/it\/wp-json\/wp\/v2\/users\/5"}],"replies":[{"embeddable":true,"href":"https:\/\/erena.me\/it\/wp-json\/wp\/v2\/comments?post=42087"}],"version-history":[{"count":0,"href":"https:\/\/erena.me\/it\/wp-json\/wp\/v2\/posts\/42087\/revisions"}],"wp:featuredmedia":[{"embeddable":true,"href":"https:\/\/erena.me\/it\/wp-json\/wp\/v2\/media\/41765"}],"wp:attachment":[{"href":"https:\/\/erena.me\/it\/wp-json\/wp\/v2\/media?parent=42087"}],"wp:term":[{"taxonomy":"category","embeddable":true,"href":"https:\/\/erena.me\/it\/wp-json\/wp\/v2\/categories?post=42087"},{"taxonomy":"post_tag","embeddable":true,"href":"https:\/\/erena.me\/it\/wp-json\/wp\/v2\/tags?post=42087"}],"curies":[{"name":"wp","href":"https:\/\/api.w.org\/{rel}","templated":true}]}}