{"id":41878,"date":"2025-07-18T13:48:01","date_gmt":"2025-07-18T09:48:01","guid":{"rendered":"https:\/\/erena.me\/?p=41878"},"modified":"2025-07-18T13:51:05","modified_gmt":"2025-07-18T09:51:05","slug":"la-riforma-urbanistica-solleva-timori-di-espropriazione-a-las-palmas","status":"publish","type":"post","link":"https:\/\/erena.me\/it\/2025\/07\/18\/la-riforma-urbanistica-solleva-timori-di-espropriazione-a-las-palmas\/","title":{"rendered":"La riforma urbanistica solleva timori di espropriazione a Las Palmas"},"content":{"rendered":"<p>Una nuova riforma urbanistica proposta dal comune di Las Palmas, capitale di Gran Canaria, ha suscitato forte preoccupazione tra proprietari immobiliari e investitori. Mentre le autorit\u00e0 locali affermano che il piano \u00e8 volto a modernizzare la citt\u00e0, migliorare la qualit\u00e0 della vita e promuovere la sostenibilit\u00e0 ambientale, molti residenti temono espropri forzati e una svalutazione delle loro propriet\u00e0.<\/p>\n<p>Questa controversia riflette una tendenza comune nelle citt\u00e0 europee, dove le ambizioni di trasformazione urbana si scontrano sempre pi\u00f9 spesso con i diritti di propriet\u00e0 privata.<\/p>\n<h2>Cosa prevede la riforma?<\/h2>\n<p>Il piano presentato dal Dipartimento Urbanistica del comune di Las Palmas include modifiche significative all\u2019uso del suolo e alla pianificazione dei quartieri densamente abitati. I punti chiave sono:<\/p>\n<ul>\n<li><strong>Riconfigurazione della rete stradale<\/strong> a favore di pedoni e ciclisti<\/li>\n<li><strong>Creazione di corridoi verdi e spazi pubblici<\/strong> in aree sottoequipaggiate<\/li>\n<li><strong>Limitazioni all\u2019altezza degli edifici e alla densit\u00e0 abitativa<\/strong><\/li>\n<li><strong>Introduzione di \u201czone di interesse pubblico\u201d<\/strong>, con potenziale attivazione di procedimenti di esproprio semplificati<\/li>\n<li><strong>Misure di adattamento climatico<\/strong>, come aree a basse emissioni e restrizioni ai veicoli nel centro storico<\/li>\n<\/ul>\n<p>Secondo le autorit\u00e0, l\u2019obiettivo \u00e8 rendere Las Palmas una citt\u00e0 pi\u00f9 vivibile, accessibile e resiliente.<\/p>\n<h2>Le preoccupazioni dei proprietari<\/h2>\n<p>Molti proprietari denunciano una mancanza di trasparenza e temono conseguenze dirette sulle loro propriet\u00e0. Le principali paure includono:<\/p>\n<ul>\n<li><strong>Definizioni vaghe<\/strong> delle zone d\u2019interesse pubblico, che generano incertezza giuridica<\/li>\n<li><strong>Compensazioni insufficienti<\/strong> in caso di esproprio, soprattutto per edifici datati<\/li>\n<li><strong>Poca chiarezza sui tempi e criteri di applicazione<\/strong> della riforma<\/li>\n<li><strong>Danni economici per piccole imprese e affittuari<\/strong>, potenzialmente costretti a lasciare i locali<\/li>\n<\/ul>\n<p>Mar\u00eda L\u00f3pez, proprietaria di un edificio a Vega de San Jos\u00e9, dichiara:<\/p>\n<blockquote><p>&#8220;Il nostro edificio \u00e8 vecchio ma in buone condizioni. Ora ci dicono che potrebbe essere considerato obsoleto e rientrare in un piano di esproprio. E noi, dove andiamo con i nostri inquilini?&#8221;<\/p><\/blockquote>\n<h2>Effetti sul mercato immobiliare<\/h2>\n<p>Secondo l\u2019agenzia <em>Canaria Inversi\u00f3n Urbana<\/em>, le compravendite nei quartieri centrali ed orientali della citt\u00e0 sono diminuite del 22\u202f% nel primo semestre del 2025 rispetto allo stesso periodo del 2024. I prezzi in alcune zone interessate dalla riforma sono scesi in media dell\u20198\u201312\u202f%.<\/p>\n<p>Las Palmas era considerata un mercato attrattivo per investitori locali e internazionali, grazie a una buona redditivit\u00e0 e a una disponibilit\u00e0 limitata nel centro citt\u00e0. Tuttavia, secondo <em>Grupo Atl\u00e1ntico Real<\/em>, il 30\u202f% degli investitori ha deciso di sospendere o annullare i propri piani di acquisto.<\/p>\n<h2>Esperti: riforma necessaria, ma servono regole chiare<\/h2>\n<p>Gli esperti concordano sull\u2019utilit\u00e0 di modernizzare le citt\u00e0, ma sottolineano la necessit\u00e0 di agire con <strong>trasparenza, legalit\u00e0 e rispetto dei diritti fondamentali<\/strong>.<\/p>\n<p>Juan P\u00e9rez, professore di urbanistica all\u2019Universit\u00e0 di Las Palmas, commenta:<\/p>\n<blockquote><p>&#8220;Una citt\u00e0 deve evolversi, ma lo deve fare nel rispetto della legalit\u00e0. Ogni riforma che incide sul diritto di propriet\u00e0 deve prevedere compensazioni giuste e meccanismi chiari.&#8221;<\/p><\/blockquote>\n<p>La mancanza di un quadro normativo dettagliato e di un coinvolgimento pubblico adeguato rischia di indebolire la fiducia nel mercato.<\/p>\n<h2>Ricorsi legali e mobilitazione cittadina<\/h2>\n<p>Diverse associazioni di proprietari e studi legali come <em>LexCan Abogados<\/em> stanno preparando ricorsi legali contro la riforma. I punti principali su cui si concentrano i ricorsi sono:<\/p>\n<ul>\n<li>Mancanza di chiarezza giuridica<\/li>\n<li>Assenza di consultazioni pubbliche sulle zone designate<\/li>\n<li>Potenziali violazioni della Costituzione spagnola e delle norme europee in materia di propriet\u00e0<\/li>\n<li>Procedure di indennizzo giudicate opache o parziali<\/li>\n<\/ul>\n<p>In alcuni quartieri sono gi\u00e0 state presentate richieste di sospensione cautelare dell\u2019applicazione del piano.<\/p>\n<h2>Risposta delle autorit\u00e0<\/h2>\n<p>Il sindaco Alejandro Ram\u00edrez ha assicurato in una conferenza stampa a giugno 2025:<\/p>\n<blockquote><p>&#8220;Nessun cittadino sar\u00e0 lasciato senza casa. Ogni caso verr\u00e0 valutato singolarmente.&#8221;<\/p><\/blockquote>\n<p>Ha inoltre promesso la possibilit\u00e0 di ricorrere a <strong>scambi di terreni<\/strong> o <strong>agevolazioni per la ristrutturazione<\/strong>, anche se queste misure non sono ancora state inserite in un quadro normativo vincolante.<\/p>\n<h2>Impatto sui valori immobiliari<\/h2>\n<p>A luglio 2025, i prezzi medi al metro quadro nelle aree centrali variano tra 1.800 e 2.200\u202f\u20ac. Nelle zone designate per interventi pubblici, i prezzi sono scesi anche a 1.600\u202f\u20ac\/m\u00b2. Invece, nei quartieri non interessati dalla riforma \u2014 come Tafira o Ciudad Alta \u2014 i prezzi sono stabili tra 2.400 e 2.600\u202f\u20ac\/m\u00b2, con una domanda in crescita del 17\u202f% su base annua.<\/p>\n<p>Anche i rendimenti da locazione sono in calo nelle zone oggetto di incertezza, con periodi di sfitto pi\u00f9 lunghi del normale.<\/p>\n<h2>Rilevanza per altre citt\u00e0 europee<\/h2>\n<p>Las Palmas rappresenta un caso emblematico di un dilemma che molte citt\u00e0 europee stanno affrontando: <strong>come bilanciare lo sviluppo urbano sostenibile con la tutela dei diritti di propriet\u00e0<\/strong>. Berlino, Parigi, Amsterdam e Barcellona stanno vivendo dinamiche simili, e il caso delle Canarie potrebbe offrire un precedente per future riforme.<\/p>\n<h2>Conclusione<\/h2>\n<p>La riforma urbanistica di Las Palmas mira a trasformare profondamente la citt\u00e0. I suoi obiettivi \u2013 sostenibilit\u00e0, vivibilit\u00e0, inclusivit\u00e0 \u2013 sono condivisibili, ma <strong>la mancanza di strumenti giuridici chiari, garanzie di compensazione e dialogo trasparente<\/strong> rischia di vanificare ogni progresso.<\/p>\n<p>Per avere successo, una riforma urbana deve essere equa, partecipata e comprensibile. Solo cos\u00ec Las Palmas potr\u00e0 diventare un modello di rigenerazione urbana responsabile e sostenibile anche per il resto d\u2019Europa.<\/p>\n","protected":false},"excerpt":{"rendered":"<p>Una nuova riforma urbanistica proposta dal comune di Las Palmas, capitale di Gran Canaria, ha suscitato&hellip;<\/p>\n","protected":false},"author":5,"featured_media":41778,"comment_status":"open","ping_status":"open","sticky":false,"template":"","format":"standard","meta":{"_lmt_disableupdate":"","_lmt_disable":"","footnotes":""},"categories":[72],"tags":[169],"class_list":["post-41878","post","type-post","status-publish","format-standard","has-post-thumbnail","hentry","category-informazioni","tag-spagna"],"_links":{"self":[{"href":"https:\/\/erena.me\/it\/wp-json\/wp\/v2\/posts\/41878","targetHints":{"allow":["GET"]}}],"collection":[{"href":"https:\/\/erena.me\/it\/wp-json\/wp\/v2\/posts"}],"about":[{"href":"https:\/\/erena.me\/it\/wp-json\/wp\/v2\/types\/post"}],"author":[{"embeddable":true,"href":"https:\/\/erena.me\/it\/wp-json\/wp\/v2\/users\/5"}],"replies":[{"embeddable":true,"href":"https:\/\/erena.me\/it\/wp-json\/wp\/v2\/comments?post=41878"}],"version-history":[{"count":0,"href":"https:\/\/erena.me\/it\/wp-json\/wp\/v2\/posts\/41878\/revisions"}],"wp:featuredmedia":[{"embeddable":true,"href":"https:\/\/erena.me\/it\/wp-json\/wp\/v2\/media\/41778"}],"wp:attachment":[{"href":"https:\/\/erena.me\/it\/wp-json\/wp\/v2\/media?parent=41878"}],"wp:term":[{"taxonomy":"category","embeddable":true,"href":"https:\/\/erena.me\/it\/wp-json\/wp\/v2\/categories?post=41878"},{"taxonomy":"post_tag","embeddable":true,"href":"https:\/\/erena.me\/it\/wp-json\/wp\/v2\/tags?post=41878"}],"curies":[{"name":"wp","href":"https:\/\/api.w.org\/{rel}","templated":true}]}}