{"id":41276,"date":"2025-07-19T13:49:14","date_gmt":"2025-07-19T09:49:14","guid":{"rendered":"https:\/\/erena.me\/?p=41276"},"modified":"2025-07-19T13:51:26","modified_gmt":"2025-07-19T09:51:26","slug":"inizia-la-vendita-per-insolvenza-della-torre-trianon-di-francoforte-dopo-un-debito-da-370-milioni-di-euro","status":"publish","type":"post","link":"https:\/\/erena.me\/it\/2025\/07\/19\/inizia-la-vendita-per-insolvenza-della-torre-trianon-di-francoforte-dopo-un-debito-da-370-milioni-di-euro\/","title":{"rendered":"Inizia la vendita per insolvenza della torre Trianon di Francoforte dopo un debito da 370 milioni di euro"},"content":{"rendered":"<p>\u00c8 ufficialmente iniziato il processo di vendita per insolvenza della torre Trianon, uno dei grattacieli per uffici pi\u00f9 iconici di Francoforte, a causa di un&#8217;insolvenza su un debito pari a <strong>370 milioni di euro<\/strong>. L\u2019edificio, un tempo simbolo di prestigio aziendale nel cuore della capitale finanziaria tedesca, \u00e8 ora al centro di una delle pi\u00f9 importanti operazioni di ristrutturazione immobiliare commerciale in Europa, in un contesto segnato da tassi d\u2019interesse in aumento e da un rallentamento del mercato degli uffici.<\/p>\n<h3>Un punto di riferimento sotto pressione<\/h3>\n<p>Con i suoi <strong>45 piani<\/strong> e circa <strong>65.000 metri quadrati<\/strong> di superficie affittabile, la torre Trianon domina lo skyline del quartiere finanziario di Francoforte. Completata nel 1993, ha ospitato nel tempo alcuni dei principali attori del mondo bancario, legale e della consulenza.<\/p>\n<p>Nel 2019, la societ\u00e0 d\u2019investimento con sede a Singapore <strong>Asia Pacific Land (APL)<\/strong> ha acquisito la propriet\u00e0 per circa <strong>670 milioni di euro<\/strong>, debito incluso, da un consorzio che comprendeva <strong>NorthStar Realty Europe<\/strong> e <strong>Madison International Realty<\/strong>. All\u2019epoca, la torre era considerata un asset di primo livello nel mercato immobiliare europeo.<\/p>\n<h3>Un debito da 370 milioni di euro diventato insostenibile<\/h3>\n<p>Nel 2025, per\u00f2, la situazione finanziaria \u00e8 drasticamente peggiorata. Con la <strong>Banca Centrale Europea<\/strong> che ha portato i tassi al <strong>4,25\u202f%<\/strong>, i costi di rifinanziamento sono aumentati in modo significativo. La riduzione dei canoni di locazione e la diminuzione del valore dell\u2019immobile hanno reso impossibile per i proprietari rispettare le obbligazioni finanziarie, avviando cos\u00ec una procedura formale di insolvenza.<\/p>\n<p>Il debito, che supera i <strong>370 milioni di euro<\/strong>, \u00e8 stato concesso da un pool di finanziatori, tra cui <strong>Deutsche Pfandbriefbank (PBB)<\/strong> e <strong>Helaba<\/strong>. Dopo il fallimento delle trattative per il rifinanziamento o la vendita, l\u2019edificio \u00e8 stato affidato a un\u2019amministrazione straordinaria che ha avviato la procedura di vendita.<\/p>\n<h3>Vendita con forte sconto sul valore<\/h3>\n<p>Nonostante le difficolt\u00e0 finanziarie, la torre Trianon rimane un\u2019opportunit\u00e0 appetibile per investitori focalizzati su asset in difficolt\u00e0. Secondo fonti di mercato, l\u2019edificio potrebbe essere ceduto per un importo compreso tra <strong>400 e 450 milioni di euro<\/strong>, con uno <strong>sconto del 30\u201335\u202f%<\/strong> rispetto al valore di acquisizione del 2019.<\/p>\n<p>Diversi investitori istituzionali stanno monitorando l\u2019operazione, tra cui <strong>Blackstone<\/strong>, <strong>Brookfield<\/strong>, <strong>Carlyle<\/strong> e <strong>Henderson Park<\/strong>, tutti con una comprovata esperienza nella ristrutturazione di immobili commerciali di grandi dimensioni in Europa.<\/p>\n<h3>Tasso di occupazione e rendimenti attuali<\/h3>\n<p>A met\u00e0 2025, la torre presenta un tasso di occupazione di circa <strong>70\u202f%<\/strong>, con inquilini di rilievo tra cui:<\/p>\n<ul>\n<li><strong>DekaBank<\/strong>, uno dei principali gestori patrimoniali tedeschi<\/li>\n<li>Lo studio legale internazionale <strong>Baker McKenzie<\/strong><\/li>\n<li>Aziende di consulenza e tecnologia di medie dimensioni<\/li>\n<\/ul>\n<p>Tuttavia, i canoni di locazione sono diminuiti rispetto ai livelli pre-pandemia: da circa <strong>45 \u20ac\/m\u00b2\/mese<\/strong> a una media attuale di <strong>32\u201338 \u20ac\/m\u00b2\/mese<\/strong>. Il reddito annuo lordo \u00e8 stimato tra <strong>22 e 25 milioni di euro<\/strong>, cifra insufficiente a coprire il debito nelle condizioni di mercato attuali.<\/p>\n<h3>Il mercato degli uffici a Francoforte sotto pressione<\/h3>\n<p>La vendita della torre Trianon riflette una tendenza pi\u00f9 ampia nel settore degli uffici in Germania. Secondo <strong>JLL<\/strong>, nel primo semestre del 2025 il volume delle transazioni \u00e8 calato di oltre <strong>40\u202f%<\/strong> rispetto allo stesso periodo del 2024.<\/p>\n<p>Tra i principali fattori critici:<\/p>\n<ul>\n<li><strong>Aumento dei tassi di interesse<\/strong>, che ha reso pi\u00f9 oneroso il finanziamento<\/li>\n<li><strong>Crescita delle superfici sfitte<\/strong>, soprattutto negli edifici pi\u00f9 datati<\/li>\n<li><strong>Cambiamento strutturale della domanda<\/strong>, con la diffusione dello smart working<\/li>\n<li><strong>Nuove normative ESG<\/strong>, che impongono costosi interventi di efficientamento energetico<\/li>\n<\/ul>\n<p>Questo contesto crea nuove opportunit\u00e0 per gli investitori con capitali disponibili e una visione a medio-lungo termine.<\/p>\n<h3>Scenari futuri per la torre Trianon<\/h3>\n<p>A seconda del tipo di acquirente, si prospettano diversi possibili scenari post-acquisto:<\/p>\n<ol>\n<li><strong>Riqualificazione ESG<\/strong> dell\u2019edificio, con ottenimento di certificazioni ambientali e miglioramenti strutturali<\/li>\n<li><strong>Conversione parziale<\/strong> in uso misto, ad esempio con spazi residenziali o ricettivi<\/li>\n<li><strong>Vendita frazionata<\/strong> dei piani o delle unit\u00e0 a investitori privati<\/li>\n<li><strong>Strategia di attesa<\/strong>, nella speranza di una ripresa del mercato entro 3\u20135 anni<\/li>\n<\/ol>\n<p>Secondo le stime, sarebbero necessari tra <strong>30 e 60 milioni di euro<\/strong> per ammodernare l\u2019edificio in linea con le normative attuali.<\/p>\n<h3>Implicazioni strategiche<\/h3>\n<p>La vendita per insolvenza della torre Trianon rappresenta un cambiamento di paradigma nel mercato degli immobili a uso ufficio di fascia alta. Un tempo considerati investimenti sicuri e stabili, oggi anche gli edifici pi\u00f9 prestigiosi sono soggetti a rischi di rifinanziamento e svalutazioni improvvise.<\/p>\n<p>Tuttavia, per investitori ben capitalizzati, questa pu\u00f2 essere una rara opportunit\u00e0 per acquisire un grattacielo iconico in una delle citt\u00e0 finanziarie pi\u00f9 importanti d\u2019Europa a condizioni vantaggiose.<\/p>\n<h3>Conclusione<\/h3>\n<p>La vendita forzata della torre Trianon \u00e8 un chiaro esempio delle profonde trasformazioni che stanno attraversando il mercato immobiliare europeo nel 2025. Con un debito di <strong>370 milioni di euro<\/strong>, redditivit\u00e0 in calo e crescenti requisiti normativi, anche gli asset pi\u00f9 prestigiosi possono trovarsi in difficolt\u00e0.<\/p>\n<p>Per gli investitori, si apre uno spiraglio unico per acquisire un bene di alto profilo a una frazione del suo valore storico. L\u2019esito di questa operazione potrebbe fungere da indicatore chiave per misurare l\u2019entit\u00e0 della correzione in atto nel settore degli uffici \u2014 e per capire chi sapr\u00e0 trarne vantaggio.<\/p>\n","protected":false},"excerpt":{"rendered":"<p>\u00c8 ufficialmente iniziato il processo di vendita per insolvenza della torre Trianon, uno dei grattacieli per&hellip;<\/p>\n","protected":false},"author":5,"featured_media":40938,"comment_status":"open","ping_status":"open","sticky":false,"template":"","format":"standard","meta":{"_lmt_disableupdate":"","_lmt_disable":"","footnotes":""},"categories":[60],"tags":[152],"class_list":["post-41276","post","type-post","status-publish","format-standard","has-post-thumbnail","hentry","category-notizie","tag-germania"],"_links":{"self":[{"href":"https:\/\/erena.me\/it\/wp-json\/wp\/v2\/posts\/41276","targetHints":{"allow":["GET"]}}],"collection":[{"href":"https:\/\/erena.me\/it\/wp-json\/wp\/v2\/posts"}],"about":[{"href":"https:\/\/erena.me\/it\/wp-json\/wp\/v2\/types\/post"}],"author":[{"embeddable":true,"href":"https:\/\/erena.me\/it\/wp-json\/wp\/v2\/users\/5"}],"replies":[{"embeddable":true,"href":"https:\/\/erena.me\/it\/wp-json\/wp\/v2\/comments?post=41276"}],"version-history":[{"count":0,"href":"https:\/\/erena.me\/it\/wp-json\/wp\/v2\/posts\/41276\/revisions"}],"wp:featuredmedia":[{"embeddable":true,"href":"https:\/\/erena.me\/it\/wp-json\/wp\/v2\/media\/40938"}],"wp:attachment":[{"href":"https:\/\/erena.me\/it\/wp-json\/wp\/v2\/media?parent=41276"}],"wp:term":[{"taxonomy":"category","embeddable":true,"href":"https:\/\/erena.me\/it\/wp-json\/wp\/v2\/categories?post=41276"},{"taxonomy":"post_tag","embeddable":true,"href":"https:\/\/erena.me\/it\/wp-json\/wp\/v2\/tags?post=41276"}],"curies":[{"name":"wp","href":"https:\/\/api.w.org\/{rel}","templated":true}]}}