{"id":39713,"date":"2025-07-15T20:38:09","date_gmt":"2025-07-15T16:38:09","guid":{"rendered":"https:\/\/erena.me\/?p=39713"},"modified":"2025-07-15T20:42:36","modified_gmt":"2025-07-15T16:42:36","slug":"lue-sollecita-una-spesa-piu-rapida-del-fondo-di-ripresa-per-le-tecnologie-verdi","status":"publish","type":"post","link":"https:\/\/erena.me\/it\/2025\/07\/15\/lue-sollecita-una-spesa-piu-rapida-del-fondo-di-ripresa-per-le-tecnologie-verdi\/","title":{"rendered":"L&#8217;UE sollecita una spesa pi\u00f9 rapida del Fondo di ripresa per le tecnologie verdi"},"content":{"rendered":"<p>L&#8217;Unione Europea sta intensificando la pressione sugli Stati membri affinch\u00e9 accelerino l\u2019utilizzo dei fondi del programma NextGenerationEU, del valore di 806 miliardi di euro, in particolare per investimenti legati alla transizione verde. La Commissione europea ha avvertito che la lentezza nell&#8217;attuazione delle misure rischia di compromettere gli obiettivi climatici del blocco e di minare la sua competitivit\u00e0 globale nel settore delle tecnologie pulite in rapida espansione.<\/p>\n<h2>La transizione verde come priorit\u00e0 strategica<\/h2>\n<p>Il programma NextGenerationEU \u00e8 stato istituito nel 2020 in risposta alla pandemia di COVID-19, con l\u2019obiettivo di rilanciare l\u2019economia europea e, allo stesso tempo, promuovere una trasformazione sostenibile verso la neutralit\u00e0 climatica. Almeno il 37% dei fondi di ciascun Piano Nazionale di Ripresa e Resilienza (PNRR) deve essere destinato a progetti ecologici. Questi includono:<\/p>\n<ul>\n<li>lo sviluppo di energie rinnovabili (solare, eolico, idrogeno),<\/li>\n<li>l&#8217;efficientamento energetico degli edifici,<\/li>\n<li>il trasporto pubblico a zero emissioni,<\/li>\n<li>l\u2019innovazione industriale sostenibile,<\/li>\n<li>la decarbonizzazione delle filiere produttive.<\/li>\n<\/ul>\n<p>Tuttavia, a met\u00e0 del 2025, la Commissione ha espresso preoccupazione per i ritardi nell\u2019esecuzione dei progetti e per l\u2019utilizzo ancora limitato delle risorse disponibili.<\/p>\n<h2>Chi \u00e8 in ritardo e chi \u00e8 in testa<\/h2>\n<p>Secondo l\u2019ultimo rapporto della Commissione, circa il 65% dei fondi \u00e8 stato gi\u00e0 assegnato agli Stati membri, ma meno del 40% \u00e8 stato effettivamente speso. Bulgaria, Slovacchia, Croazia e Romania risultano tra i Paesi con il minore avanzamento, ostacolati da burocrazia, carenze di personale qualificato e instabilit\u00e0 politica.<\/p>\n<p>Al contrario, Germania, Francia, Paesi Bassi e Danimarca stanno avanzando rapidamente. La Germania sta investendo in modo significativo nelle reti di teleriscaldamento e nell&#8217;infrastruttura per l&#8217;idrogeno, mentre la Francia si concentra sulla mobilit\u00e0 sostenibile e sull\u2019efficienza energetica delle abitazioni.<\/p>\n<h2>Maggiori controlli da parte della Commissione<\/h2>\n<p>Nel giugno 2025, la Commissione ha pubblicato nuove linee guida, avvertendo che gli Stati inadempienti potrebbero perdere parte dei fondi non ancora spesi. Il commissario europeo all\u2019Economia, Paolo Gentiloni, ha dichiarato:<\/p>\n<blockquote><p>\u201cIl Fondo di ripresa non \u00e8 solo uno strumento finanziario \u2014 \u00e8 il nostro ponte verso un futuro verde. Ogni ritardo \u00e8 un\u2019opportunit\u00e0 persa per rafforzare l\u2019indipendenza energetica dell\u2019Europa e per creare i posti di lavoro di domani.\u201d<\/p><\/blockquote>\n<p>La Commissione ha anche proposto una maggiore flessibilit\u00e0 nel riallocare i fondi inutilizzati agli Stati membri pi\u00f9 virtuosi.<\/p>\n<h2>Il settore privato chiede maggiore rapidit\u00e0<\/h2>\n<p>Anche le imprese europee stanno lanciando l\u2019allarme. Mentre gli Stati Uniti e la Cina investono massicciamente nelle tecnologie verdi, le aziende dell\u2019UE temono di rimanere indietro. Negli USA, l\u2019Inflation Reduction Act prevede oltre 370 miliardi di dollari in sussidi per la transizione ecologica, attirando gi\u00e0 alcune startup europee.<\/p>\n<p>I rappresentanti delle industrie solari, delle batterie e dell\u2019idrogeno chiedono:<\/p>\n<ul>\n<li>piattaforme digitali per accedere rapidamente ai fondi,<\/li>\n<li>semplificazione e velocizzazione delle procedure autorizzative,<\/li>\n<li>trasparenza nei tempi di erogazione,<\/li>\n<li>sostegno alla produzione locale di componenti.<\/li>\n<\/ul>\n<p>Senza azioni concrete e rapide, il rischio \u00e8 che l\u2019Europa perda competitivit\u00e0 in un mercato chiave per il futuro.<\/p>\n<h2>Una transizione verde equa<\/h2>\n<p>La Commissione sottolinea l\u2019importanza di garantire una transizione giusta. I fondi europei non devono solo sostenere l\u2019innovazione e le infrastrutture, ma anche tutelare i lavoratori dei settori pi\u00f9 inquinanti, promuovere la riqualificazione professionale e garantire l\u2019accesso all\u2019efficienza energetica anche per le famiglie a basso reddito.<\/p>\n<p>Italia e Spagna, ad esempio, hanno stanziato una quota significativa dei fondi per il miglioramento energetico degli alloggi sociali. Il Portogallo ha avviato un programma per installare pannelli solari sui tetti delle case popolari. Questi interventi dimostrano che sostenibilit\u00e0 ambientale e inclusione sociale possono andare di pari passo.<\/p>\n<h2>Concorrenza globale sulle tecnologie pulite<\/h2>\n<p>La corsa globale alla leadership nelle tecnologie green \u00e8 gi\u00e0 iniziata. La Cina domina nella produzione di pannelli solari e batterie, gli Stati Uniti incentivano la manifattura domestica, mentre l\u2019UE punta sull\u2019idrogeno verde, sull\u2019eolico offshore e sull\u2019economia circolare.<\/p>\n<p>Tuttavia, la carenza di capacit\u00e0 produttiva in Europa e i ritardi negli investimenti rischiano di compromettere l\u2019autonomia strategica del continente.<\/p>\n<h2>Una questione politica<\/h2>\n<p>In vista delle elezioni europee del 2026, la questione della transizione verde \u00e8 sempre pi\u00f9 politicizzata. Alcuni partiti conservatori chiedono un allentamento degli obiettivi climatici per favorire la crescita economica a breve termine. La Commissione, invece, ribadisce che la sostenibilit\u00e0 \u00e8 una condizione necessaria per la resilienza economica e sociale.<\/p>\n<p>Anche l\u2019opinione pubblica \u00e8 divisa: molti sostengono la causa ambientale, ma altri temono l\u2019aumento dei costi e la complessit\u00e0 normativa.<\/p>\n<h2>Conclusione<\/h2>\n<p>Il Fondo di ripresa dell\u2019UE rappresenta un\u2019opportunit\u00e0 storica per rilanciare l\u2019economia e costruire un\u2019Europa pi\u00f9 verde, indipendente e competitiva. Ma per coglierla appieno servono determinazione, velocit\u00e0 e visione strategica.<\/p>\n<p>Gli Stati membri devono accelerare i tempi, rimuovere gli ostacoli burocratici e coordinarsi a livello europeo. Solo cos\u00ec la transizione verde potr\u00e0 diventare una realt\u00e0 concreta e duratura, e non solo una promessa.<\/p>\n","protected":false},"excerpt":{"rendered":"<p>L&#8217;Unione Europea sta intensificando la pressione sugli Stati membri affinch\u00e9 accelerino l\u2019utilizzo dei fondi del programma&hellip;<\/p>\n","protected":false},"author":5,"featured_media":40021,"comment_status":"open","ping_status":"open","sticky":false,"template":"","format":"standard","meta":{"_lmt_disableupdate":"","_lmt_disable":"","footnotes":""},"categories":[72],"tags":[146],"class_list":["post-39713","post","type-post","status-publish","format-standard","has-post-thumbnail","hentry","category-informazioni","tag-guida"],"_links":{"self":[{"href":"https:\/\/erena.me\/it\/wp-json\/wp\/v2\/posts\/39713","targetHints":{"allow":["GET"]}}],"collection":[{"href":"https:\/\/erena.me\/it\/wp-json\/wp\/v2\/posts"}],"about":[{"href":"https:\/\/erena.me\/it\/wp-json\/wp\/v2\/types\/post"}],"author":[{"embeddable":true,"href":"https:\/\/erena.me\/it\/wp-json\/wp\/v2\/users\/5"}],"replies":[{"embeddable":true,"href":"https:\/\/erena.me\/it\/wp-json\/wp\/v2\/comments?post=39713"}],"version-history":[{"count":0,"href":"https:\/\/erena.me\/it\/wp-json\/wp\/v2\/posts\/39713\/revisions"}],"wp:featuredmedia":[{"embeddable":true,"href":"https:\/\/erena.me\/it\/wp-json\/wp\/v2\/media\/40021"}],"wp:attachment":[{"href":"https:\/\/erena.me\/it\/wp-json\/wp\/v2\/media?parent=39713"}],"wp:term":[{"taxonomy":"category","embeddable":true,"href":"https:\/\/erena.me\/it\/wp-json\/wp\/v2\/categories?post=39713"},{"taxonomy":"post_tag","embeddable":true,"href":"https:\/\/erena.me\/it\/wp-json\/wp\/v2\/tags?post=39713"}],"curies":[{"name":"wp","href":"https:\/\/api.w.org\/{rel}","templated":true}]}}