{"id":25307,"date":"2025-03-07T05:21:21","date_gmt":"2025-03-07T01:21:21","guid":{"rendered":"https:\/\/erena.me\/2025\/03\/07\/il-patrimonio-architettonico-di-roubaix-minacciato-dallo-sviluppo-urbano\/"},"modified":"2025-03-07T05:23:55","modified_gmt":"2025-03-07T01:23:55","slug":"il-patrimonio-architettonico-di-roubaix-minacciato-dallo-sviluppo-urbano","status":"publish","type":"post","link":"https:\/\/erena.me\/it\/2025\/03\/07\/il-patrimonio-architettonico-di-roubaix-minacciato-dallo-sviluppo-urbano\/","title":{"rendered":"Il patrimonio architettonico di Roubaix minacciato dallo sviluppo urbano"},"content":{"rendered":"<p>Roubaix, un tempo importante centro tessile nel nord della Francia, vanta un ricco patrimonio architettonico. Tuttavia, i moderni progetti di sviluppo minacciano ora molti dei suoi edifici storici. In particolare, le <strong>cour\u00e9es operaie<\/strong>\u2014stretti complessi abitativi del XIX secolo\u2014sono a rischio di demolizione, suscitando preoccupazioni tra i sostenitori della conservazione e le comunit\u00e0 locali.<\/p>\n<h2><strong>Le Cour\u00e9es: un\u2019eredit\u00e0 del passato industriale di Roubaix<\/strong><\/h2>\n<p>Uno degli elementi architettonici pi\u00f9 distintivi di Roubaix \u00e8 rappresentato dalle <strong>cour\u00e9es<\/strong>, file di piccole case costruite per i lavoratori tessili durante la Rivoluzione Industriale. Queste abitazioni, caratterizzate dalla loro <strong>struttura compatta e dai cortili condivisi<\/strong>, testimoniano un capitolo importante della storia sociale ed economica della citt\u00e0.<\/p>\n<p>Purtroppo, molte cour\u00e9es sono oggi <strong>in stato di degrado<\/strong>, e gli sviluppatori le considerano <strong>obiettivi ideali per la demolizione<\/strong>, favorendo nuove costruzioni. Nel 2024, l\u2019organizzazione europea per il patrimonio <strong>Europa Nostra<\/strong> ha inserito le abitazioni operaie di Roubaix-Tourcoing nella sua <strong>lista dei 7 siti del patrimonio pi\u00f9 minacciati d\u2019Europa<\/strong>. Questa designazione evidenzia l\u2019urgente necessit\u00e0 di interventi di conservazione.<\/p>\n<h2><strong>Pressioni economiche e aumento dei prezzi immobiliari<\/strong><\/h2>\n<p>I progetti di rinnovamento urbano a Roubaix sono principalmente <strong>guidati da fattori economici<\/strong>. La citt\u00e0 ha affrontato difficolt\u00e0 economiche dal declino della sua industria tessile, portando a <strong>iniziative di rivitalizzazione<\/strong> che spesso <strong>danno priorit\u00e0 ai nuovi sviluppi rispetto alla conservazione del patrimonio<\/strong>.<\/p>\n<p>I valori immobiliari nelle aree con le cour\u00e9es rimangono <strong>relativamente bassi<\/strong>, rendendole <strong>attraenti per gli sviluppatori<\/strong> alla ricerca di profitti. Tuttavia, la perdita di questi edifici storici <strong>mina l\u2019identit\u00e0 unica della citt\u00e0<\/strong> e rischia di cancellare una parte fondamentale della sua storia.<\/p>\n<h2><strong>Sforzi di conservazione e coinvolgimento della comunit\u00e0<\/strong><\/h2>\n<p>Le organizzazioni locali e i residenti stanno attivamente <strong>difendendo la protezione e il restauro<\/strong> delle cour\u00e9es. Gli esperti del patrimonio europeo hanno esortato le autorit\u00e0 locali a <strong>fermare i piani di demolizione<\/strong> e a condurre <strong>studi di fattibilit\u00e0<\/strong> per la loro conservazione.<\/p>\n<p>Progetti guidati dalla comunit\u00e0 e iniziative di sviluppo sostenibile potrebbero svolgere un ruolo chiave nel <strong>riabilitare queste strutture mantenendone l\u2019integrit\u00e0 storica<\/strong>.<\/p>\n<h2><strong>Bilanciare sviluppo urbano e conservazione del patrimonio<\/strong><\/h2>\n<p>Le sfide di Roubaix riflettono un problema pi\u00f9 ampio: <strong>come bilanciare lo sviluppo urbano con la conservazione del patrimonio<\/strong>. Una pianificazione urbana sostenibile deve integrare <strong>la tutela del patrimonio nei processi di modernizzazione<\/strong>.<\/p>\n<p>Possibili soluzioni includono:<br \/>\n\u2705 <strong>Restaurare le cour\u00e9es come alloggi accessibili o spazi culturali<\/strong><br \/>\n\u2705 <strong>Incorporare la conservazione del patrimonio nei regolamenti urbanistici<\/strong><br \/>\n\u2705 <strong>Promuovere partenariati pubblico-privati per finanziare i progetti di restauro<\/strong><\/p>\n<h2><strong>Conclusione: il futuro del patrimonio di Roubaix<\/strong><\/h2>\n<p>Roubaix si trova a un bivio. Sebbene il rinnovamento economico sia essenziale, non dovrebbe avvenire <strong>a scapito della cancellazione del patrimonio architettonico della citt\u00e0<\/strong>. \u00c8 necessario un approccio collaborativo\u2014<strong>coinvolgendo politici, esperti di conservazione e cittadini<\/strong>\u2014per garantire che la ricca storia di Roubaix rimanga parte integrante del suo futuro.<\/p>\n","protected":false},"excerpt":{"rendered":"<p>Roubaix, un tempo importante centro tessile nel nord della Francia, vanta un ricco patrimonio architettonico. Tuttavia,&hellip;<\/p>\n","protected":false},"author":7,"featured_media":25165,"comment_status":"open","ping_status":"open","sticky":false,"template":"","format":"standard","meta":{"_lmt_disableupdate":"","_lmt_disable":"","footnotes":""},"categories":[113,72],"tags":[230],"class_list":["post-25307","post","type-post","status-publish","format-standard","has-post-thumbnail","hentry","category-conoscenza-del-settore-immobiliare","category-informazioni","tag-francia"],"_links":{"self":[{"href":"https:\/\/erena.me\/it\/wp-json\/wp\/v2\/posts\/25307","targetHints":{"allow":["GET"]}}],"collection":[{"href":"https:\/\/erena.me\/it\/wp-json\/wp\/v2\/posts"}],"about":[{"href":"https:\/\/erena.me\/it\/wp-json\/wp\/v2\/types\/post"}],"author":[{"embeddable":true,"href":"https:\/\/erena.me\/it\/wp-json\/wp\/v2\/users\/7"}],"replies":[{"embeddable":true,"href":"https:\/\/erena.me\/it\/wp-json\/wp\/v2\/comments?post=25307"}],"version-history":[{"count":0,"href":"https:\/\/erena.me\/it\/wp-json\/wp\/v2\/posts\/25307\/revisions"}],"wp:featuredmedia":[{"embeddable":true,"href":"https:\/\/erena.me\/it\/wp-json\/wp\/v2\/media\/25165"}],"wp:attachment":[{"href":"https:\/\/erena.me\/it\/wp-json\/wp\/v2\/media?parent=25307"}],"wp:term":[{"taxonomy":"category","embeddable":true,"href":"https:\/\/erena.me\/it\/wp-json\/wp\/v2\/categories?post=25307"},{"taxonomy":"post_tag","embeddable":true,"href":"https:\/\/erena.me\/it\/wp-json\/wp\/v2\/tags?post=25307"}],"curies":[{"name":"wp","href":"https:\/\/api.w.org\/{rel}","templated":true}]}}