{"id":50946,"date":"2026-01-27T01:35:08","date_gmt":"2026-01-26T21:35:08","guid":{"rendered":"https:\/\/erena.me\/2026\/01\/27\/pourquoi-la-gestion-de-the-q-par-tuv-sud-advimo-compte-pour-lavenir-urbain-de-nuremberg\/"},"modified":"2026-01-27T01:57:14","modified_gmt":"2026-01-26T21:57:14","slug":"pourquoi-la-gestion-de-the-q-par-tuv-sud-advimo-compte-pour-lavenir-urbain-de-nuremberg","status":"publish","type":"post","link":"https:\/\/erena.me\/fr\/2026\/01\/27\/pourquoi-la-gestion-de-the-q-par-tuv-sud-advimo-compte-pour-lavenir-urbain-de-nuremberg\/","title":{"rendered":"Pourquoi la gestion de The Q par T\u00dcV S\u00dcD Advimo compte pour l\u2019avenir urbain de Nuremberg"},"content":{"rendered":"<p>L\u2019un des projets de reconversion les plus complexes de Nuremberg est entr\u00e9 dans une phase plus discr\u00e8te mais d\u00e9cisive. Avec la prise en charge compl\u00e8te de la gestion immobili\u00e8re de The Q par T\u00dcV S\u00dcD Advimo, l\u2019attention se d\u00e9tourne des calendriers de construction et des montages financiers pour se concentrer sur l\u2019exploitation \u00e0 long terme. Cette transition indique que The Q n\u2019est plus consid\u00e9r\u00e9 comme un projet en devenir, mais comme une infrastructure appel\u00e9e \u00e0 fonctionner de mani\u00e8re fiable au sein du syst\u00e8me administratif et \u00e9conomique de la ville.<\/p>\n<p>Le site de la F\u00fcrther Stra\u00dfe porte un lourd h\u00e9ritage industriel. Construit dans les ann\u00e9es 1950 dans le cadre de l\u2019empire de vente par correspondance Quelle, le complexe incarnait autrefois l\u2019\u00e9chelle, l\u2019efficacit\u00e9 et la confiance \u00e9conomique de l\u2019apr\u00e8s-guerre. Lorsque les mod\u00e8les logistiques ont \u00e9volu\u00e9 et que l\u2019activit\u00e9 industrielle s\u2019est d\u00e9plac\u00e9e ailleurs, les b\u00e2timents sont rest\u00e9s \u2014 vastes, centraux et de plus en plus d\u00e9connect\u00e9s des besoins de la ville. Pendant des ann\u00e9es, la question n\u2019a pas \u00e9t\u00e9 de savoir s\u2019il fallait reconvertir le site, mais comment le faire sans cr\u00e9er une nouvelle enclave commerciale isol\u00e9e.<\/p>\n<h2>Reprogrammer l\u2019\u00e9chelle plut\u00f4t que l\u2019effacer<\/h2>\n<p>La strat\u00e9gie de The Q \u00e9vite d\u00e9lib\u00e9r\u00e9ment l\u2019approche de la table rase. Plut\u00f4t que la d\u00e9molition, les structures existantes sont reprogramm\u00e9es en un complexe \u00e0 usage mixte d\u2019environ 60 000 m\u00e8tres carr\u00e9s, combinant bureaux, commerces, restauration et espaces accessibles au public. Au c\u0153ur du projet se trouve le Stadthaus Q, un nouveau centre administratif municipal con\u00e7u pour regrouper des services municipaux cl\u00e9s auparavant dispers\u00e9s sur plusieurs sites.<\/p>\n<p><img fetchpriority=\"high\" decoding=\"async\" class=\"alignnone size-medium\" src=\"https:\/\/www.accumulata.de\/wp-content\/uploads\/2023\/09\/Impression-Suedfassade-1500x1387.jpg\" width=\"1500\" height=\"1387\" alt=\"\" title=\"-\"><br \/>\n<a href=\"https:\/\/www.accumulata.de\/en\/projects\/the-q\/\" target=\"_blank\" rel=\"noopener\">Source<\/a><\/p>\n<p>Cet ancrage public modifie profond\u00e9ment le profil de risque du projet. L\u2019occupation municipale \u00e0 long terme stabilise la demande et repositionne The Q comme une infrastructure civique plut\u00f4t que comme une op\u00e9ration immobili\u00e8re sp\u00e9culative. L\u2019ambition n\u2019est pas simplement de livrer des m\u00e8tres carr\u00e9s, mais de r\u00e9int\u00e9grer un ancien site industriel dans le fonctionnement quotidien de la ville, tant sur le plan \u00e9conomique qu\u2019administratif.<\/p>\n<h2>Pourquoi l\u2019exploitation compte d\u00e9sormais plus que l\u2019architecture<\/h2>\n<p>Une fois les grues parties, des projets comme The Q sont jug\u00e9s moins sur l\u2019intention architecturale que sur leur performance quotidienne. Syst\u00e8mes de chauffage, protocoles de s\u00e9curit\u00e9, cycles de maintenance, efficacit\u00e9 \u00e9nerg\u00e9tique et coordination des occupants deviennent les d\u00e9terminants silencieux du succ\u00e8s ou de l\u2019\u00e9chec.<\/p>\n<p>\u00c0 ce stade, la gestion immobili\u00e8re professionnelle cesse d\u2019\u00eatre un service en arri\u00e8re-plan pour devenir l\u2019\u00e9pine dorsale de l\u2019actif. C\u2019est l\u00e0 que le r\u00f4le de T\u00dcV S\u00dcD Advimo devient central. Son mandat couvre la gestion technique et commerciale, incluant les syst\u00e8mes du b\u00e2timent, la s\u00e9curit\u00e9 et la conformit\u00e9 r\u00e9glementaire, la performance \u00e9nerg\u00e9tique, les relations avec les occupants et les processus op\u00e9rationnels quotidiens. L\u2019objectif n\u2019est pas seulement de faire fonctionner le complexe, mais d\u2019assurer des co\u00fbts pr\u00e9visibles, une fonctionnalit\u00e9 continue et une utilisabilit\u00e9 \u00e0 long terme pour l\u2019administration publique comme pour les occupants priv\u00e9s.<\/p>\n<p><img decoding=\"async\" class=\"alignnone size-medium\" src=\"https:\/\/www.accumulata.de\/wp-content\/uploads\/2023\/09\/Impression-Grosser-Innenhof-1500x1387.jpg\" width=\"1500\" height=\"1387\" alt=\"\" title=\"-\"><br \/>\n<a href=\"https:\/\/www.accumulata.de\/en\/projects\/the-q\/\" target=\"_blank\" rel=\"noopener\">Source<\/a><\/p>\n<p>Advimo op\u00e8re au sein du groupe plus large T\u00dcV S\u00dcD, internationalement associ\u00e9 \u00e0 l\u2019inspection, \u00e0 la certification et \u00e0 la gestion des risques techniques. Cet ancrage apporte \u00e0 l\u2019exploitation immobili\u00e8re une logique orient\u00e9e cycle de vie, privil\u00e9giant la r\u00e9silience, la maintenance pr\u00e9ventive et l\u2019anticipation r\u00e9glementaire plut\u00f4t que l\u2019optimisation \u00e0 court terme. Pour des actifs combinant administration publique, activit\u00e9s commerciales et espaces urbains ouverts, cette approche r\u00e9duit les risques op\u00e9rationnels sur des d\u00e9cennies plut\u00f4t que sur quelques ann\u00e9es.<\/p>\n<h2>Cr\u00e9dibilit\u00e9 de la relance et ce que repr\u00e9sente The Q<\/h2>\n<p>Le d\u00e9veloppement de The Q n\u2019a pas suivi une trajectoire lin\u00e9aire. Des difficult\u00e9s financi\u00e8res et une proc\u00e9dure d\u2019insolvabilit\u00e9 en 2023 ont interrompu l\u2019avancement et suscit\u00e9 des doutes quant \u00e0 la viabilit\u00e9 \u00e0 long terme du projet. Relancer le d\u00e9veloppement n\u00e9cessitait plus qu\u2019un nouveau financement ; il fallait un r\u00e9tablissement visible de la gouvernance et de la cr\u00e9dibilit\u00e9 op\u00e9rationnelle. La nomination d\u2019un gestionnaire immobilier institutionnellement reconnu relevait donc autant du signal que de la solution.<\/p>\n<p><img decoding=\"async\" class=\"alignnone size-medium\" src=\"https:\/\/www.accumulata.de\/wp-content\/uploads\/2023\/09\/7.7.9.9.7-Drohne-Bahnaufgang_%C2%A9pulsschlag-network-GmbH_GERCHGROUP-AG-loRes-loQ-1500x1415.jpg\" width=\"1500\" height=\"1415\" alt=\"\" title=\"-\"><br \/>\n<a href=\"https:\/\/www.accumulata.de\/en\/projects\/the-q\/\" target=\"_blank\" rel=\"noopener\">Source<\/a><\/p>\n<p>Les projets issus de restructurations peinent souvent \u00e0 regagner la confiance. L\u2019incertitude autour des standards de maintenance, des co\u00fbts d\u2019exploitation et de l\u2019engagement \u00e0 long terme peut persister bien apr\u00e8s la reprise des travaux. En pla\u00e7ant The Q sous une gestion professionnelle, ces risques sont ma\u00eetris\u00e9s. Pour la Ville de Nuremberg, appel\u00e9e \u00e0 devenir l\u2019occupant principal, cette \u00e9volution r\u00e9duit \u00e0 la fois l\u2019exposition op\u00e9rationnelle et le risque politique, en rempla\u00e7ant la gestion de crise par une occupation pr\u00e9visible et durable.<\/p>\n<p>Au-del\u00e0 de Nuremberg, The Q refl\u00e8te une \u00e9volution plus large dans la mani\u00e8re dont les villes allemandes abordent les grands projets de reconversion. L\u2019accent se d\u00e9place des jalons de construction spectaculaires vers la gouvernance, l\u2019efficacit\u00e9 op\u00e9rationnelle et la performance sur l\u2019ensemble du cycle de vie \u2014 une r\u00e9ponse \u00e0 des co\u00fbts de financement plus \u00e9lev\u00e9s et \u00e0 des budgets publics plus contraints. Les villes tol\u00e8rent de moins en moins des actifs impressionnants \u00e0 l\u2019ouverture mais co\u00fbteux ou peu fiables \u00e0 exploiter.<\/p>\n<p>Pour Nuremberg, The Q constitue en d\u00e9finitive un cas test. S\u2019il fonctionne comme pr\u00e9vu, il d\u00e9montrera que le patrimoine industriel peut \u00eatre transform\u00e9 en infrastructure civique fonctionnelle sans devenir une charge \u00e0 long terme. Avec T\u00dcV S\u00dcD Advimo d\u00e9sormais aux commandes de l\u2019exploitation, le projet a d\u00e9pass\u00e9 la phase de reconversion pour entrer dans l\u2019\u00e9tape plus exigeante et moins visible de la vie urbaine permanente.<\/p>\n","protected":false},"excerpt":{"rendered":"<p>L\u2019un des projets de reconversion les plus complexes de Nuremberg est entr\u00e9 dans une phase plus&hellip;<\/p>\n","protected":false},"author":7,"featured_media":50938,"comment_status":"open","ping_status":"open","sticky":false,"template":"","format":"standard","meta":{"_lmt_disableupdate":"","_lmt_disable":"","footnotes":""},"categories":[101],"tags":[150],"class_list":["post-50946","post","type-post","status-publish","format-standard","has-post-thumbnail","hentry","category-analyse-et-previsions","tag-allemagne"],"_links":{"self":[{"href":"https:\/\/erena.me\/fr\/wp-json\/wp\/v2\/posts\/50946","targetHints":{"allow":["GET"]}}],"collection":[{"href":"https:\/\/erena.me\/fr\/wp-json\/wp\/v2\/posts"}],"about":[{"href":"https:\/\/erena.me\/fr\/wp-json\/wp\/v2\/types\/post"}],"author":[{"embeddable":true,"href":"https:\/\/erena.me\/fr\/wp-json\/wp\/v2\/users\/7"}],"replies":[{"embeddable":true,"href":"https:\/\/erena.me\/fr\/wp-json\/wp\/v2\/comments?post=50946"}],"version-history":[{"count":0,"href":"https:\/\/erena.me\/fr\/wp-json\/wp\/v2\/posts\/50946\/revisions"}],"wp:featuredmedia":[{"embeddable":true,"href":"https:\/\/erena.me\/fr\/wp-json\/wp\/v2\/media\/50938"}],"wp:attachment":[{"href":"https:\/\/erena.me\/fr\/wp-json\/wp\/v2\/media?parent=50946"}],"wp:term":[{"taxonomy":"category","embeddable":true,"href":"https:\/\/erena.me\/fr\/wp-json\/wp\/v2\/categories?post=50946"},{"taxonomy":"post_tag","embeddable":true,"href":"https:\/\/erena.me\/fr\/wp-json\/wp\/v2\/tags?post=50946"}],"curies":[{"name":"wp","href":"https:\/\/api.w.org\/{rel}","templated":true}]}}