{"id":50378,"date":"2025-12-05T07:29:03","date_gmt":"2025-12-05T03:29:03","guid":{"rendered":"https:\/\/erena.me\/2025\/12\/05\/top-pays-pour-acheter-un-bien-immobilier-en-europe-sans-citoyennete-en-2025\/"},"modified":"2025-12-05T08:11:21","modified_gmt":"2025-12-05T04:11:21","slug":"top-pays-pour-acheter-un-bien-immobilier-en-europe-sans-citoyennete-en-2025","status":"publish","type":"post","link":"https:\/\/erena.me\/fr\/2025\/12\/05\/top-pays-pour-acheter-un-bien-immobilier-en-europe-sans-citoyennete-en-2025\/","title":{"rendered":"Top pays pour acheter un bien immobilier en Europe sans citoyennet\u00e9 en 2025"},"content":{"rendered":"<p>En 2025, acheter un bien immobilier en Europe sans d\u00e9tenir la citoyennet\u00e9 reste l\u00e9galement possible dans la plupart des pays, mais les r\u00e8gles du jeu ont chang\u00e9. La pression politique li\u00e9e \u00e0 l\u2019accessibilit\u00e9 au logement, le recul des programmes de visas dor\u00e9s et le durcissement de la fiscalit\u00e9 applicable aux acheteurs \u00e9trangers redessinent la demande et les conditions d\u2019acc\u00e8s sur l\u2019ensemble du continent. Pour les non-citoyens, la distinction essentielle est claire : la propri\u00e9t\u00e9 conf\u00e8re uniquement des droits de propri\u00e9taire. Elle ne donne pas automatiquement le droit de r\u00e9sider de mani\u00e8re permanente dans le pays. La r\u00e9sidence et la citoyennet\u00e9 restent des proc\u00e9dures juridiques distinctes, r\u00e9gies par le droit de l\u2019immigration et non par le droit immobilier.<\/p>\n<p>Malgr\u00e9 ces \u00e9volutions, l\u2019Europe offre toujours une grande diversit\u00e9 de march\u00e9s o\u00f9 les non-citoyens peuvent acheter librement, allant des capitales \u00e0 forte liquidit\u00e9 jusqu\u2019aux r\u00e9gions c\u00f4ti\u00e8res encore sous-d\u00e9velopp\u00e9es. En 2025, ce qui diff\u00e9rencie ces march\u00e9s n\u2019est plus uniquement le prix, mais la s\u00e9curit\u00e9 juridique, la stabilit\u00e9 politique, la r\u00e9glementation locative et l\u2019orientation des politiques \u00e0 long terme.<\/p>\n<h2>Gr\u00e8ce : la propri\u00e9t\u00e9 encore li\u00e9e \u00e0 la r\u00e9sidence<\/h2>\n<p>La Gr\u00e8ce demeure l\u2019exemple le plus clair d\u2019un pays o\u00f9 la propri\u00e9t\u00e9 immobili\u00e8re peut encore \u00eatre directement li\u00e9e \u00e0 la r\u00e9sidence. Les \u00e9trangers sont autoris\u00e9s \u00e0 acheter des biens immobiliers sur presque tout le territoire, seuls certains secteurs frontaliers \u00e9tant soumis \u00e0 des autorisations suppl\u00e9mentaires. Les droits de propri\u00e9t\u00e9 des non-citoyens sont autrement \u00e9quivalents \u00e0 ceux des ressortissants grecs. Ce qui a chang\u00e9, c\u2019est le co\u00fbt d\u2019entr\u00e9e via le programme de Visa Dor\u00e9. En 2025, l\u2019investissement minimum requis atteint d\u00e9sormais 800 000 \u20ac dans les zones \u00e0 forte demande telles que le centre d\u2019Ath\u00e8nes, Thessalonique, Mykonos et Santorin. Dans la plupart des autres r\u00e9gions, le seuil est fix\u00e9 \u00e0 400 000 \u20ac avec des conditions strictes concernant la surface et la structure du bien. L\u2019ancien seuil de 250 000 \u20ac ne subsiste plus que dans des projets de r\u00e9novation tr\u00e8s pr\u00e9cis\u00e9ment d\u00e9finis.<\/p>\n<p><img fetchpriority=\"high\" decoding=\"async\" class=\"alignnone wp-image-50358 size-full\" src=\"http:\/\/erena.me\/wp-content\/uploads\/2025\/12\/greece.jpg\" alt=\"\" width=\"1200\" height=\"800\" title=\"-\" srcset=\"https:\/\/erena.me\/wp-content\/uploads\/2025\/12\/greece.jpg 1200w, https:\/\/erena.me\/wp-content\/uploads\/2025\/12\/greece-300x200.jpg 300w, https:\/\/erena.me\/wp-content\/uploads\/2025\/12\/greece-1024x683.jpg 1024w, https:\/\/erena.me\/wp-content\/uploads\/2025\/12\/greece-768x512.jpg 768w, https:\/\/erena.me\/wp-content\/uploads\/2025\/12\/greece-1170x780.jpg 1170w, https:\/\/erena.me\/wp-content\/uploads\/2025\/12\/greece-585x390.jpg 585w, https:\/\/erena.me\/wp-content\/uploads\/2025\/12\/greece-263x175.jpg 263w\" sizes=\"(max-width: 1200px) 100vw, 1200px\"><\/p>\n<p>Les prix des appartements \u00e0 Ath\u00e8nes atteignent d\u00e9sormais en moyenne environ 2 580 \u20ac par m\u00e8tre carr\u00e9, avec des quartiers prime d\u00e9passant 4 000 \u20ac et la Riviera ath\u00e9nienne au-dessus de 5 000 \u20ac. La croissance nationale des prix se poursuit \u00e0 un rythme d\u2019environ sept pour cent par an. La Gr\u00e8ce reste attractive pour les non-citoyens car elle combine l\u2019acc\u00e8s \u00e0 la propri\u00e9t\u00e9, une voie de r\u00e9sidence dans l\u2019espace Schengen, une forte demande locative li\u00e9e au tourisme et une large base d\u2019acheteurs internationaux. Le risque est \u00e9vident : la fen\u00eatre d\u2019accessibilit\u00e9 se r\u00e9duit rapidement \u00e0 mesure que les seuils des visas augmentent plus vite que les revenus.<\/p>\n<h2>Portugal : propri\u00e9t\u00e9 ouverte mais r\u00e9sidence dissoci\u00e9e<\/h2>\n<p>Le Portugal reste totalement ouvert aux acheteurs non citoyens du point de vue du droit de propri\u00e9t\u00e9, mais il a clairement s\u00e9par\u00e9 l\u2019immobilier de l\u2019immigration. L\u2019immobilier ne permet plus d\u2019acc\u00e9der au Visa Dor\u00e9 portugais, d\u00e9sormais limit\u00e9 aux investissements dans des fonds et certains instruments financiers. Les particuliers et les entreprises \u00e9trangers peuvent toujours acheter librement, et le syst\u00e8me juridique demeure l\u2019un des plus transparents d\u2019Europe du Sud.<\/p>\n<p><img decoding=\"async\" class=\"alignnone wp-image-50327 size-full\" src=\"http:\/\/erena.me\/wp-content\/uploads\/2025\/12\/portugal.jpg\" alt=\"\" width=\"1200\" height=\"800\" title=\"-\" srcset=\"https:\/\/erena.me\/wp-content\/uploads\/2025\/12\/portugal.jpg 1200w, https:\/\/erena.me\/wp-content\/uploads\/2025\/12\/portugal-300x200.jpg 300w, https:\/\/erena.me\/wp-content\/uploads\/2025\/12\/portugal-1024x683.jpg 1024w, https:\/\/erena.me\/wp-content\/uploads\/2025\/12\/portugal-768x512.jpg 768w, https:\/\/erena.me\/wp-content\/uploads\/2025\/12\/portugal-1170x780.jpg 1170w, https:\/\/erena.me\/wp-content\/uploads\/2025\/12\/portugal-585x390.jpg 585w, https:\/\/erena.me\/wp-content\/uploads\/2025\/12\/portugal-263x175.jpg 263w\" sizes=\"(max-width: 1200px) 100vw, 1200px\"><\/p>\n<p>En 2025, les prix moyens nationaux se situent entre 2 700 \u20ac et 2 735 \u20ac par m\u00e8tre carr\u00e9. Lisbonne se n\u00e9gocie au-dessus de 3 800 \u20ac, tandis que l\u2019Algarve \u00e9volue environ entre 3 400 \u20ac et 4 400 \u20ac selon l\u2019emplacement et le type de bien. Malgr\u00e9 la fin du visa index\u00e9 sur l\u2019immobilier, les prix ont continu\u00e9 de progresser en raison des p\u00e9nuries chroniques de logements et d\u2019une demande internationale de qualit\u00e9 de vie toujours soutenue. Le Portugal reste attractif pour ses infrastructures, son syst\u00e8me de sant\u00e9 et ses march\u00e9s locatifs solides. L\u2019incertitude s\u2019est toutefois d\u00e9plac\u00e9e des r\u00e8gles migratoires vers la fiscalit\u00e9 et la r\u00e9glementation locative, notamment dans les zones touristiques \u00e0 court terme.<\/p>\n<h2>France : pleins droits de propri\u00e9t\u00e9 pour les non-citoyens<\/h2>\n<p>La France offre l\u2019un des cadres juridiques les plus clairs d\u2019Europe en mati\u00e8re de propri\u00e9t\u00e9 pour les non-citoyens. Il n\u2019existe aucune restriction fond\u00e9e sur la nationalit\u00e9 pour l\u2019achat de biens r\u00e9sidentiels ou commerciaux. Les acheteurs \u00e9trangers obtiennent la pleine propri\u00e9t\u00e9, exactement comme les citoyens fran\u00e7ais. Les r\u00e8gles de visa influencent uniquement la dur\u00e9e pendant laquelle un non-r\u00e9sident de l\u2019Union europ\u00e9enne peut s\u00e9journer physiquement dans le pays.<\/p>\n<p><img decoding=\"async\" class=\"alignnone wp-image-50333 size-full\" src=\"http:\/\/erena.me\/wp-content\/uploads\/2025\/12\/france.jpg\" alt=\"\" width=\"1200\" height=\"800\" title=\"-\" srcset=\"https:\/\/erena.me\/wp-content\/uploads\/2025\/12\/france.jpg 1200w, https:\/\/erena.me\/wp-content\/uploads\/2025\/12\/france-300x200.jpg 300w, https:\/\/erena.me\/wp-content\/uploads\/2025\/12\/france-1024x683.jpg 1024w, https:\/\/erena.me\/wp-content\/uploads\/2025\/12\/france-768x512.jpg 768w, https:\/\/erena.me\/wp-content\/uploads\/2025\/12\/france-1170x780.jpg 1170w, https:\/\/erena.me\/wp-content\/uploads\/2025\/12\/france-585x390.jpg 585w, https:\/\/erena.me\/wp-content\/uploads\/2025\/12\/france-263x175.jpg 263w\" sizes=\"(max-width: 1200px) 100vw, 1200px\"><\/p>\n<p>En 2025, les prix r\u00e9sidentiels moyens en France s\u2019\u00e9tablissent autour de 2 900 \u00e0 3 000 \u20ac par m\u00e8tre carr\u00e9, tandis que Paris affiche une moyenne d\u2019environ 9 500 \u20ac, avec des quartiers prime nettement au-dessus. Apr\u00e8s un recul des volumes de transactions en 2023 et au d\u00e9but de 2024, le march\u00e9 s\u2019est stabilis\u00e9 en 2025 avec l\u2019am\u00e9lioration des conditions de financement. La France reste attractive pour les non-citoyens en raison de sa tr\u00e8s grande s\u00e9curit\u00e9 juridique, de la profondeur de son march\u00e9 et de son fort potentiel de pr\u00e9servation du capital \u00e0 long terme. Le compromis se fait sur le co\u00fbt : les frais de notaire et les droits de mutation ajoutent g\u00e9n\u00e9ralement sept \u00e0 neuf pour cent au prix d\u2019achat.<\/p>\n<h2>Italie : large acc\u00e8s et \u00e9ventail de prix tr\u00e8s \u00e9tendu<\/h2>\n<p>L\u2019Italie demeure l\u2019un des grands march\u00e9s les plus accessibles aux acheteurs \u00e9trangers. Les ressortissants de l\u2019Union europ\u00e9enne ne rencontrent aucune restriction, tandis que la plupart des non-ressortissants peuvent acheter au titre d\u2019accords de r\u00e9ciprocit\u00e9, incluant notamment les acheteurs des \u00c9tats-Unis et du Royaume-Uni. Il n\u2019est pas n\u00e9cessaire de d\u00e9tenir un titre de s\u00e9jour ou la citoyennet\u00e9 pour acqu\u00e9rir un bien.<\/p>\n<p><img loading=\"lazy\" decoding=\"async\" class=\"alignnone wp-image-50346 size-full\" src=\"http:\/\/erena.me\/wp-content\/uploads\/2025\/12\/italy.jpg\" alt=\"\" width=\"1200\" height=\"800\" title=\"-\" srcset=\"https:\/\/erena.me\/wp-content\/uploads\/2025\/12\/italy.jpg 1200w, https:\/\/erena.me\/wp-content\/uploads\/2025\/12\/italy-300x200.jpg 300w, https:\/\/erena.me\/wp-content\/uploads\/2025\/12\/italy-1024x683.jpg 1024w, https:\/\/erena.me\/wp-content\/uploads\/2025\/12\/italy-768x512.jpg 768w, https:\/\/erena.me\/wp-content\/uploads\/2025\/12\/italy-1170x780.jpg 1170w, https:\/\/erena.me\/wp-content\/uploads\/2025\/12\/italy-585x390.jpg 585w, https:\/\/erena.me\/wp-content\/uploads\/2025\/12\/italy-263x175.jpg 263w\" sizes=\"(max-width: 1200px) 100vw, 1200px\"><\/p>\n<p>En 2025, le prix moyen national en Italie avoisine 2 135 \u20ac par m\u00e8tre carr\u00e9, avec un march\u00e9 secondaire plus proche de 1 800 \u00e0 1 820 \u20ac. Milan d\u00e9passe 5 400 \u20ac par m\u00e8tre carr\u00e9, tandis que les r\u00e9gions du sud offrent certains des points d\u2019entr\u00e9e les plus bas d\u2019Europe occidentale, avec les Pouilles autour de 1 400 \u20ac et la Sicile autour de 1 160 \u20ac. L\u2019Italie fonctionne gr\u00e2ce \u00e0 la diversit\u00e9 r\u00e9gionale de ses prix, \u00e0 une forte demande internationale de r\u00e9sidence et \u00e0 des incitations fiscales destin\u00e9es aux r\u00e9sidents fortun\u00e9s transf\u00e9rant leur domicile fiscal dans le pays. Le principal risque demeure la complexit\u00e9 administrative, en particulier pour les biens anciens o\u00f9 le zonage, les permis de r\u00e9novation et les protections patrimoniales exigent des v\u00e9rifications juridiques approfondies.<\/p>\n<h2>Chypre : march\u00e9 de l\u2019Union europ\u00e9enne \u00e0 prix interm\u00e9diaires avec options de r\u00e9sidence<\/h2>\n<p>Chypre occupe une position interm\u00e9diaire entre l\u2019Europe occidentale et les march\u00e9s m\u00e9diterran\u00e9ens \u00e9mergents. Les citoyens de l\u2019Union europ\u00e9enne peuvent acheter sans restriction, tandis que les acheteurs non europ\u00e9ens doivent en g\u00e9n\u00e9ral obtenir une autorisation gouvernementale et sont souvent limit\u00e9s \u00e0 un maximum de deux unit\u00e9s r\u00e9sidentielles. Chypre propose \u00e9galement une r\u00e9sidence permanente par l\u2019investissement via l\u2019achat de biens neufs \u00e0 partir d\u2019un seuil minimum de 300 000 \u20ac.<\/p>\n<p><img loading=\"lazy\" decoding=\"async\" class=\"alignnone wp-image-50320 size-full\" src=\"http:\/\/erena.me\/wp-content\/uploads\/2025\/12\/cyprus.jpg\" alt=\"\" width=\"1200\" height=\"800\" title=\"-\" srcset=\"https:\/\/erena.me\/wp-content\/uploads\/2025\/12\/cyprus.jpg 1200w, https:\/\/erena.me\/wp-content\/uploads\/2025\/12\/cyprus-300x200.jpg 300w, https:\/\/erena.me\/wp-content\/uploads\/2025\/12\/cyprus-1024x683.jpg 1024w, https:\/\/erena.me\/wp-content\/uploads\/2025\/12\/cyprus-768x512.jpg 768w, https:\/\/erena.me\/wp-content\/uploads\/2025\/12\/cyprus-1170x780.jpg 1170w, https:\/\/erena.me\/wp-content\/uploads\/2025\/12\/cyprus-585x390.jpg 585w, https:\/\/erena.me\/wp-content\/uploads\/2025\/12\/cyprus-263x175.jpg 263w\" sizes=\"(max-width: 1200px) 100vw, 1200px\"><\/p>\n<p>En 2025, les prix r\u00e9sidentiels moyens se situent entre 2 600 \u20ac et 2 700 \u20ac par m\u00e8tre carr\u00e9, avec des niveaux plus \u00e9lev\u00e9s \u00e0 Limassol, Nicosie et dans les principales zones c\u00f4ti\u00e8res. Chypre continue d\u2019attirer les non-citoyens gr\u00e2ce \u00e0 son environnement juridique anglophone, son syst\u00e8me fiscal favorable aux entreprises et une voie de r\u00e9sidence structur\u00e9e adoss\u00e9e \u00e0 l\u2019immobilier. Le principal signal d\u2019alerte concerne Chypre du Nord, o\u00f9 des revendications de propri\u00e9t\u00e9 non r\u00e9solues li\u00e9es aux terres d\u2019avant 1974 cr\u00e9ent de graves risques juridiques pour les acheteurs \u00e9trangers.<\/p>\n<h2>Mont\u00e9n\u00e9gro : l\u2019un des march\u00e9s non europ\u00e9ens les plus ouverts d\u2019Europe<\/h2>\n<p>Le Mont\u00e9n\u00e9gro, bien que non membre de l\u2019Union europ\u00e9enne, est devenu l\u2019un des march\u00e9s europ\u00e9ens les plus ouverts aux non-citoyens. Les \u00e9trangers peuvent y acheter des biens r\u00e9sidentiels et commerciaux avec des droits quasiment \u00e9quivalents \u00e0 ceux des r\u00e9sidents. Seules certaines cat\u00e9gories de terrains requi\u00e8rent une structure d\u2019entreprise locale. La propri\u00e9t\u00e9 peut soutenir l\u2019obtention de permis de s\u00e9jour temporaires, mais n\u2019ouvre pas de voie directe vers la citoyennet\u00e9.<\/p>\n<p><img loading=\"lazy\" decoding=\"async\" class=\"alignnone wp-image-50364 size-full\" src=\"http:\/\/erena.me\/wp-content\/uploads\/2025\/12\/montenegro.jpg\" alt=\"\" width=\"1200\" height=\"800\" title=\"-\" srcset=\"https:\/\/erena.me\/wp-content\/uploads\/2025\/12\/montenegro.jpg 1200w, https:\/\/erena.me\/wp-content\/uploads\/2025\/12\/montenegro-300x200.jpg 300w, https:\/\/erena.me\/wp-content\/uploads\/2025\/12\/montenegro-1024x683.jpg 1024w, https:\/\/erena.me\/wp-content\/uploads\/2025\/12\/montenegro-768x512.jpg 768w, https:\/\/erena.me\/wp-content\/uploads\/2025\/12\/montenegro-1170x780.jpg 1170w, https:\/\/erena.me\/wp-content\/uploads\/2025\/12\/montenegro-585x390.jpg 585w, https:\/\/erena.me\/wp-content\/uploads\/2025\/12\/montenegro-263x175.jpg 263w\" sizes=\"(max-width: 1200px) 100vw, 1200px\"><\/p>\n<p>En 2025, les prix moyens sur la c\u00f4te atteignent environ 2 450 \u20ac par m\u00e8tre carr\u00e9, tandis que la capitale Podgorica se situe plut\u00f4t autour de 1 700 \u00e0 1 800 \u20ac. Certains micro-march\u00e9s c\u00f4tiers ont enregistr\u00e9 pr\u00e8s de trente pour cent de croissance annuelle entre 2024 et 2025. Le Mont\u00e9n\u00e9gro attire par ses prix relativement bas, sa forte demande locative touristique et le r\u00e9cit de son \u00e9ventuelle adh\u00e9sion future \u00e0 l\u2019Union europ\u00e9enne. Son point faible reste la transparence du march\u00e9 et la coh\u00e9rence de l\u2019urbanisme, qui demeurent en de\u00e7\u00e0 des standards des principaux pays de l\u2019Union.<\/p>\n<h2>Espagne : march\u00e9 ouvert mais risque politique en hausse<\/h2>\n<p>L\u2019Espagne, bien que toujours l\u00e9galement ouverte aux acheteurs \u00e9trangers en 2025, est devenue le grand march\u00e9 le plus politiquement risqu\u00e9 pour les non-citoyens en Europe. Les achats par des non-r\u00e9sidents se poursuivent en Andalousie, dans la Communaut\u00e9 valencienne, aux \u00eeles Bal\u00e9ares et aux \u00eeles Canaries. Dans le m\u00eame temps, le gouvernement a propos\u00e9 une surtaxe de cent pour cent sur les achats r\u00e9alis\u00e9s par des non-r\u00e9sidents non europ\u00e9ens et d\u00e9bat ouvertement de restrictions de propri\u00e9t\u00e9 dans les zones sous forte pression. Toutes les mesures ne sont pas encore adopt\u00e9es, mais l\u2019incertitude influence d\u00e9j\u00e0 le comportement des investisseurs.<\/p>\n<p><img loading=\"lazy\" decoding=\"async\" class=\"alignnone wp-image-50370 size-full\" src=\"http:\/\/erena.me\/wp-content\/uploads\/2025\/12\/spain.jpg\" alt=\"\" width=\"1200\" height=\"800\" title=\"-\" srcset=\"https:\/\/erena.me\/wp-content\/uploads\/2025\/12\/spain.jpg 1200w, https:\/\/erena.me\/wp-content\/uploads\/2025\/12\/spain-300x200.jpg 300w, https:\/\/erena.me\/wp-content\/uploads\/2025\/12\/spain-1024x683.jpg 1024w, https:\/\/erena.me\/wp-content\/uploads\/2025\/12\/spain-768x512.jpg 768w, https:\/\/erena.me\/wp-content\/uploads\/2025\/12\/spain-1170x780.jpg 1170w, https:\/\/erena.me\/wp-content\/uploads\/2025\/12\/spain-585x390.jpg 585w, https:\/\/erena.me\/wp-content\/uploads\/2025\/12\/spain-263x175.jpg 263w\" sizes=\"(max-width: 1200px) 100vw, 1200px\"><\/p>\n<p>Les prix moyens nationaux se situent d\u00e9sormais entre 2 090 \u20ac et 2 500 \u20ac par m\u00e8tre carr\u00e9. La province de Malaga d\u00e9passe 4 000 \u20ac, tandis que les emplacements prime aux Bal\u00e9ares atteignent 5 000 \u00e0 8 500 \u20ac et au-del\u00e0. L\u2019Espagne continue d\u2019attirer gr\u00e2ce \u00e0 sa liquidit\u00e9, \u00e0 la solidit\u00e9 de ses performances locatives et \u00e0 un attrait de mode de vie in\u00e9gal\u00e9, mais elle pr\u00e9sente d\u00e9sormais un risque direct d\u2019intervention r\u00e9glementaire.<\/p>\n<h2>Ce que cela signifie pour les acheteurs sans citoyennet\u00e9<\/h2>\n<p>Le paysage immobilier europ\u00e9en pour les non-citoyens en 2025 est d\u00e9fini par trois \u00e9volutions structurelles. La propri\u00e9t\u00e9 reste largement accessible, mais les privil\u00e8ges migratoires attach\u00e9s \u00e0 l\u2019immobilier disparaissent. Le risque r\u00e9glementaire est devenu aussi important que le risque li\u00e9 aux prix, comme le montre clairement le cas espagnol. Parall\u00e8lement, la dispersion des prix entre les r\u00e9gions s\u2019accentue, cr\u00e9ant une mosa\u00efque fragment\u00e9e de r\u00e9gimes politiques, juridiques et de valorisation \u00e0 travers le continent.<\/p>\n<p>Pour les acheteurs sans citoyennet\u00e9, une strat\u00e9gie r\u00e9ussie repose d\u00e9sormais sur la dissociation entre droits de propri\u00e9t\u00e9 et droits de r\u00e9sidence, l\u2019analyse de l\u2019investissement \u00e0 l\u2019aune du climat politique local et la prise en compte de co\u00fbts de transaction totaux qui ajoutent g\u00e9n\u00e9ralement dix \u00e0 quinze pour cent au prix d\u2019achat. L\u2019Europe reste ouverte \u00e0 la propri\u00e9t\u00e9 \u00e9trang\u00e8re. Ce qui a pris fin, c\u2019est l\u2019id\u00e9e selon laquelle acheter un bien immobilier garantit automatiquement une pr\u00e9sence juridique de long terme.<\/p>\n","protected":false},"excerpt":{"rendered":"<p>En 2025, acheter un bien immobilier en Europe sans d\u00e9tenir la citoyennet\u00e9 reste l\u00e9galement possible dans&hellip;<\/p>\n","protected":false},"author":4,"featured_media":50341,"comment_status":"open","ping_status":"open","sticky":false,"template":"","format":"standard","meta":{"_lmt_disableupdate":"","_lmt_disable":"","footnotes":""},"categories":[107,161,180,186,192,82,118],"tags":[342,167,228,362,174,470,234],"class_list":["post-50378","post","type-post","status-publish","format-standard","has-post-thumbnail","hentry","category-erena-raiting-fr","category-guide-de-lespagne","category-guide-de-litalie","category-guide-de-la-france","category-guide-du-portugal","category-lois","category-outil-de-comparaison-entre-pays","tag-chypre","tag-espagne","tag-france-fr","tag-grece","tag-italie","tag-montenegro-fr","tag-portugal-fr"],"_links":{"self":[{"href":"https:\/\/erena.me\/fr\/wp-json\/wp\/v2\/posts\/50378","targetHints":{"allow":["GET"]}}],"collection":[{"href":"https:\/\/erena.me\/fr\/wp-json\/wp\/v2\/posts"}],"about":[{"href":"https:\/\/erena.me\/fr\/wp-json\/wp\/v2\/types\/post"}],"author":[{"embeddable":true,"href":"https:\/\/erena.me\/fr\/wp-json\/wp\/v2\/users\/4"}],"replies":[{"embeddable":true,"href":"https:\/\/erena.me\/fr\/wp-json\/wp\/v2\/comments?post=50378"}],"version-history":[{"count":0,"href":"https:\/\/erena.me\/fr\/wp-json\/wp\/v2\/posts\/50378\/revisions"}],"wp:featuredmedia":[{"embeddable":true,"href":"https:\/\/erena.me\/fr\/wp-json\/wp\/v2\/media\/50341"}],"wp:attachment":[{"href":"https:\/\/erena.me\/fr\/wp-json\/wp\/v2\/media?parent=50378"}],"wp:term":[{"taxonomy":"category","embeddable":true,"href":"https:\/\/erena.me\/fr\/wp-json\/wp\/v2\/categories?post=50378"},{"taxonomy":"post_tag","embeddable":true,"href":"https:\/\/erena.me\/fr\/wp-json\/wp\/v2\/tags?post=50378"}],"curies":[{"name":"wp","href":"https:\/\/api.w.org\/{rel}","templated":true}]}}