{"id":49510,"date":"2025-10-21T14:37:42","date_gmt":"2025-10-21T10:37:42","guid":{"rendered":"https:\/\/erena.me\/2025\/10\/21\/rene-benko-condamne-a-deux-ans-de-prison-pour-fraude-liee-a-linsolvabilite-dans-laffaire-signa\/"},"modified":"2025-10-21T17:21:14","modified_gmt":"2025-10-21T13:21:14","slug":"rene-benko-condamne-a-deux-ans-de-prison-pour-fraude-liee-a-linsolvabilite-dans-laffaire-signa","status":"publish","type":"post","link":"https:\/\/erena.me\/fr\/2025\/10\/21\/rene-benko-condamne-a-deux-ans-de-prison-pour-fraude-liee-a-linsolvabilite-dans-laffaire-signa\/","title":{"rendered":"Ren\u00e9 Benko condamn\u00e9 \u00e0 deux ans de prison pour fraude li\u00e9e \u00e0 l\u2019insolvabilit\u00e9 dans l\u2019affaire Signa"},"content":{"rendered":"<p>Ren\u00e9 Benko, acclam\u00e9 comme un magnat de l\u2019immobilier autrichien, a \u00e9t\u00e9 condamn\u00e9 \u00e0 deux ans d\u2019emprisonnement pour <strong>fraude li\u00e9e \u00e0 l\u2019insolvabilit\u00e9<\/strong>. Certains pensent qu\u2019il purgera une grande partie de sa peine \u00e0 domicile. Cette condamnation marque la fin du groupe <strong>Signa<\/strong>. Le <strong>tribunal r\u00e9gional d\u2019Innsbruck<\/strong> a rendu un jugement d\u00e9clarant Benko coupable d\u2019avoir cach\u00e9 ses biens pendant la proc\u00e9dure d\u2019insolvabilit\u00e9.<\/p>\n<h2>Verdict du tribunal et principales conclusions<\/h2>\n<p>Le tribunal a mentionn\u00e9 que Benko avait dissimul\u00e9 environ <strong>300 000 euros<\/strong>, qu\u2019il avait transf\u00e9r\u00e9s \u00e0 sa m\u00e8re fin 2023, alors que sa situation financi\u00e8re se d\u00e9t\u00e9riorait, afin d\u2019emp\u00eacher les cr\u00e9anciers d\u2019engager des poursuites. Il a \u00e9t\u00e9 acquitt\u00e9 d\u2019une seconde accusation selon laquelle il aurait utilis\u00e9 une partie de l\u2019argent pour payer un loyer d\u2019avance. La juge <strong>Andrea Wegscheider<\/strong> a qualifi\u00e9 le transfert d\u2019argent d\u2019acte \u00ab rapide et intentionnel dont l\u2019effet est d\u2019\u00e9carter les cr\u00e9anciers \u00bb.<\/p>\n<p>La peine de <strong>deux ans<\/strong> a pris effet imm\u00e9diatement, la d\u00e9tention pr\u00e9ventive de Benko ayant \u00e9t\u00e9 prise en compte. Un appel a \u00e9t\u00e9 interjet\u00e9 contre le jugement, qui n\u2019est donc pas encore d\u00e9finitif.<\/p>\n<h2>De l\u2019empire \u00e0 la faillite<\/h2>\n<p>La soci\u00e9t\u00e9 contr\u00f4l\u00e9e par Benko, <strong>Signa Holding<\/strong>, s\u2019est effondr\u00e9e \u00e0 des niveaux qui marquent la fin d\u2019une \u00e9poque. Sa vaste entreprise immobili\u00e8re qu\u2019il avait b\u00e2tie s\u2019est \u00e9croul\u00e9e.<\/p>\n<p>D\u00e9clar\u00e9e en faillite cette ann\u00e9e, la soci\u00e9t\u00e9 a accumul\u00e9 <strong>8,4 milliards d\u2019euros de cr\u00e9ances d\u2019investisseurs<\/strong>. La situation s\u2019est aggrav\u00e9e en raison du <strong>laxisme bancaire<\/strong>. La flamb\u00e9e des taux d&#8217;int\u00e9r\u00eat et le <strong>resserrement du cr\u00e9dit<\/strong> ont mis \u00e0 mal plusieurs secteurs d&#8217;activit\u00e9. Les cr\u00e9anciers, dont des <strong>assureurs allemands<\/strong> et une <strong>banque italienne<\/strong>, tentent d\u00e9sormais de r\u00e9cup\u00e9rer leurs fonds.<\/p>\n<h2>Symbole d\u2019un ajustement du march\u00e9 immobilier europ\u00e9en<\/h2>\n<p>La condamnation de Benko illustre les <strong>difficult\u00e9s \u00e9conomiques<\/strong> que traversent plusieurs pays europ\u00e9ens. L\u2019affaire d\u00e9montre que <strong>des transferts priv\u00e9s peuvent \u00eatre utilis\u00e9s pour tromper sciemment les cr\u00e9anciers<\/strong>. Que l\u2019on parle ou non de correction du march\u00e9, le secteur immobilier conna\u00eet aujourd\u2019hui une faible cr\u00e9ation de rendement. L\u2019avenir des valeurs immobili\u00e8res reste incertain, tandis que <strong>les march\u00e9s financiers demeurent volatils<\/strong>.<\/p>\n<p>L&#8217;effondrement de <strong>Signa<\/strong> r\u00e9v\u00e8le une question plus vaste : celle d&#8217;un <strong>march\u00e9 immobilier europ\u00e9en en pleine reconfiguration<\/strong>. Ces derniers mois, de nombreux immeubles commerciaux haut de gamme se sont vendus \u00e0 des prix nettement inf\u00e9rieurs \u00e0 ceux de <strong>2021\u20132022<\/strong>.<\/p>\n<h2>R\u00e9percussions financi\u00e8res plus larges<\/h2>\n<p><strong>Signa<\/strong> op\u00e9rait en <strong>Allemagne<\/strong>, en <strong>Autriche<\/strong> et au <strong>Luxembourg<\/strong>. Ren\u00e9 Benko fait \u00e9galement l\u2019objet d\u2019une autre enqu\u00eate en Autriche : les procureurs soup\u00e7onnent la dissimulation de <strong>120 000 \u20ac<\/strong> en esp\u00e8ces et en objets de valeur. Il risque jusqu\u2019\u00e0 <strong>10 ans de prison ferme<\/strong>.<\/p>\n<p>Cette condamnation incitera les investisseurs \u00e0 <strong>examiner plus rigoureusement les transferts de biens<\/strong> entre dirigeants, proches ou amis en cas de faillite. Elle souligne aussi la n\u00e9cessit\u00e9 de <strong>renforcer les protections contre les saisies abusives<\/strong> et d\u2019assurer une plus grande transparence des op\u00e9rations financi\u00e8res.<\/p>\n<h2>Mutations structurelles du march\u00e9 immobilier europ\u00e9en<\/h2>\n<p>L\u2019interpellation de Ren\u00e9 Benko s\u2019inscrit dans une <strong>transformation profonde du financement immobilier en Europe<\/strong>. La <strong>Banque centrale europ\u00e9enne (BCE)<\/strong> a instaur\u00e9 un <strong>taux de d\u00e9p\u00f4t de 4 %<\/strong>, for\u00e7ant les banques \u00e0 restreindre leurs cr\u00e9dits. Ce contexte ouvre la voie aux <strong>fonds de cr\u00e9dit priv\u00e9s<\/strong>, d\u00e9sormais acteurs majeurs du financement. Les promoteurs, confront\u00e9s \u00e0 la <strong>hausse du co\u00fbt du capital<\/strong> et \u00e0 une <strong>d\u00e9pendance accrue au refinancement<\/strong>, acceptent aujourd\u2019hui des conditions de cr\u00e9dit plus strictes.<\/p>\n<p>L\u2019<strong>Autriche<\/strong> pr\u00e9voit d\u2019introduire de <strong>nouvelles r\u00e8gles de transparence<\/strong> pour les transactions commerciales complexes et opaques, afin de <strong>r\u00e9tablir la confiance du public et des contribuables<\/strong>.<\/p>\n<h2>Enseignements pour le secteur et impact \u00e0 long terme<\/h2>\n<p>L\u2019effondrement de <strong>Signa<\/strong> en 2023 a profond\u00e9ment modifi\u00e9 la perception des investisseurs quant \u00e0 la <strong>gouvernance<\/strong> et \u00e0 la <strong>gestion du risque<\/strong>. Les banques et les pr\u00eateurs revoient d\u00e9sormais leurs crit\u00e8res de cr\u00e9dit pour \u00e9viter de nouveaux d\u00e9fauts. La <strong>prudence<\/strong> et la <strong>discipline financi\u00e8re<\/strong> s\u2019imposent comme les nouvelles normes.<\/p>\n<p>Ren\u00e9 Benko, autrefois salu\u00e9 pour avoir revitalis\u00e9 des quartiers entiers en Europe, est aujourd\u2019hui per\u00e7u comme le symbole d\u2019une <strong>gestion risqu\u00e9e et excessive<\/strong>. Cela marque <strong>la fin de l\u2019\u00e8re de l\u2019argent facile<\/strong> en Autriche et au-del\u00e0.<\/p>\n<h2>Derni\u00e8re analyse<\/h2>\n<p>La condamnation de cet homme d\u2019affaires autrichien entra\u00eene l\u2019effondrement d\u2019un <strong>empire personnel<\/strong>, devenu symbole d\u2019une <strong>crise structurelle du secteur immobilier<\/strong>. Ce verdict met en lumi\u00e8re les failles d\u2019un syst\u00e8me financier trop permissif et rappelle la n\u00e9cessit\u00e9 d\u2019une <strong>transparence accrue<\/strong>. Les inqui\u00e9tudes d\u2019un ajustement profond s\u2019intensifient alors que <strong>le march\u00e9 immobilier europ\u00e9en<\/strong> poursuit sa correction et que les <strong>fondations de sa croissance pass\u00e9e se fissurent<\/strong>.<\/p>\n","protected":false},"excerpt":{"rendered":"<p>Ren\u00e9 Benko, acclam\u00e9 comme un magnat de l\u2019immobilier autrichien, a \u00e9t\u00e9 condamn\u00e9 \u00e0 deux ans d\u2019emprisonnement&hellip;<\/p>\n","protected":false},"author":7,"featured_media":49505,"comment_status":"open","ping_status":"open","sticky":false,"template":"","format":"standard","meta":{"_lmt_disableupdate":"","_lmt_disable":"","footnotes":""},"categories":[59],"tags":[530],"class_list":["post-49510","post","type-post","status-publish","format-standard","has-post-thumbnail","hentry","category-nouvelles","tag-actualites"],"_links":{"self":[{"href":"https:\/\/erena.me\/fr\/wp-json\/wp\/v2\/posts\/49510","targetHints":{"allow":["GET"]}}],"collection":[{"href":"https:\/\/erena.me\/fr\/wp-json\/wp\/v2\/posts"}],"about":[{"href":"https:\/\/erena.me\/fr\/wp-json\/wp\/v2\/types\/post"}],"author":[{"embeddable":true,"href":"https:\/\/erena.me\/fr\/wp-json\/wp\/v2\/users\/7"}],"replies":[{"embeddable":true,"href":"https:\/\/erena.me\/fr\/wp-json\/wp\/v2\/comments?post=49510"}],"version-history":[{"count":0,"href":"https:\/\/erena.me\/fr\/wp-json\/wp\/v2\/posts\/49510\/revisions"}],"wp:featuredmedia":[{"embeddable":true,"href":"https:\/\/erena.me\/fr\/wp-json\/wp\/v2\/media\/49505"}],"wp:attachment":[{"href":"https:\/\/erena.me\/fr\/wp-json\/wp\/v2\/media?parent=49510"}],"wp:term":[{"taxonomy":"category","embeddable":true,"href":"https:\/\/erena.me\/fr\/wp-json\/wp\/v2\/categories?post=49510"},{"taxonomy":"post_tag","embeddable":true,"href":"https:\/\/erena.me\/fr\/wp-json\/wp\/v2\/tags?post=49510"}],"curies":[{"name":"wp","href":"https:\/\/api.w.org\/{rel}","templated":true}]}}