{"id":42328,"date":"2025-07-22T22:11:04","date_gmt":"2025-07-22T18:11:04","guid":{"rendered":"https:\/\/erena.me\/?p=42328"},"modified":"2025-07-22T22:11:34","modified_gmt":"2025-07-22T18:11:34","slug":"transformez-votre-balcon-en-un-veritable-espace-de-vie","status":"publish","type":"post","link":"https:\/\/erena.me\/fr\/2025\/07\/22\/transformez-votre-balcon-en-un-veritable-espace-de-vie\/","title":{"rendered":"Transformez votre balcon en un v\u00e9ritable espace de vie"},"content":{"rendered":"<p>Dans les villes europ\u00e9ennes dens\u00e9ment peupl\u00e9es, o\u00f9 chaque m\u00e8tre carr\u00e9 a de la valeur, le balcon n\u2019est plus simplement un espace pour \u00e9tendre le linge ou entreposer des objets. De plus en plus de propri\u00e9taires le transforment en une pi\u00e8ce \u00e0 part enti\u00e8re : bureau, coin d\u00e9tente, salle \u00e0 manger ou m\u00eame chambre d\u2019appoint. Ce changement ne concerne pas uniquement le style de vie \u2014 il augmente aussi significativement la valeur du bien immobilier.<\/p>\n<h2>Pourquoi transformer son balcon en espace de vie ?<\/h2>\n<p>Avec la hausse des prix de l\u2019immobilier \u00e0 Paris, Milan, Vienne ou Amsterdam, les propri\u00e9taires cherchent \u00e0 exploiter chaque m\u00e8tre carr\u00e9 disponible. Un balcon de 4 \u00e0 8 m\u00b2 peut devenir une extension pr\u00e9cieuse de l\u2019int\u00e9rieur et am\u00e9liorer consid\u00e9rablement la fonctionnalit\u00e9 du logement.<\/p>\n<p>Un balcon bien am\u00e9nag\u00e9 et isol\u00e9 peut augmenter la valeur de revente d\u2019un bien de 5 \u00e0 10 %. Par exemple, un studio de 35 m\u00b2 \u00e0 Lisbonne sans balcon peut se vendre autour de 190\u202f000 \u20ac, alors que le m\u00eame avec un balcon transform\u00e9 peut atteindre 205\u202f000 \u20ac voire 210\u202f000 \u20ac.<\/p>\n<h2>Les fonctions les plus courantes<\/h2>\n<p>Selon sa taille, son orientation et la lumi\u00e8re naturelle, un balcon peut \u00eatre transform\u00e9 en :<\/p>\n<ul>\n<li><strong>Bureau \u00e0 domicile<\/strong> \u2013 id\u00e9al pour le t\u00e9l\u00e9travail.<\/li>\n<li><strong>Coin lecture ou salon<\/strong> \u2013 espace d\u00e9tente.<\/li>\n<li><strong>Coin repas<\/strong> \u2013 tr\u00e8s pris\u00e9 dans les pays m\u00e9diterran\u00e9ens.<\/li>\n<li><strong>Chambre d\u2019amis<\/strong> \u2013 si l\u2019isolation est adapt\u00e9e.<\/li>\n<li><strong>Atelier cr\u00e9atif<\/strong> \u2013 pour la peinture, l\u2019\u00e9criture ou la couture.<\/li>\n<li><strong>Jardin int\u00e9rieur<\/strong> \u2013 avec des plantes suspendues ou des murs v\u00e9g\u00e9taux.<\/li>\n<\/ul>\n<h2>Co\u00fbt moyen de transformation en Europe<\/h2>\n<p>Les prix varient selon le pays, la ville et la qualit\u00e9 des mat\u00e9riaux. Voici un aper\u00e7u des co\u00fbts pour un balcon de 6\u202fm\u00b2 :<\/p>\n<div class=\"pcrstb-wrap\"><table>\n<thead>\n<tr>\n<th>Pays<\/th>\n<th>Co\u00fbt moyen de r\u00e9novation (6\u202fm\u00b2)<\/th>\n<\/tr>\n<\/thead>\n<tbody>\n<tr>\n<td>France<\/td>\n<td>5\u202f000 \u20ac \u00e0 12\u202f000 \u20ac<\/td>\n<\/tr>\n<tr>\n<td>Allemagne<\/td>\n<td>6\u202f000 \u20ac \u00e0 15\u202f000 \u20ac<\/td>\n<\/tr>\n<tr>\n<td>Italie<\/td>\n<td>4\u202f500 \u20ac \u00e0 11\u202f000 \u20ac<\/td>\n<\/tr>\n<tr>\n<td>Espagne<\/td>\n<td>4\u202f000 \u20ac \u00e0 10\u202f000 \u20ac<\/td>\n<\/tr>\n<tr>\n<td>Portugal<\/td>\n<td>3\u202f500 \u20ac \u00e0 8\u202f000 \u20ac<\/td>\n<\/tr>\n<tr>\n<td>Tch\u00e9quie<\/td>\n<td>3\u202f000 \u20ac \u00e0 7\u202f000 \u20ac<\/td>\n<\/tr>\n<tr>\n<td>Pays-Bas<\/td>\n<td>6\u202f000 \u20ac \u00e0 13\u202f000 \u20ac<\/td>\n<\/tr>\n<\/tbody>\n<\/table><\/div>\n<p>Ces montants incluent g\u00e9n\u00e9ralement le vitrage, l\u2019isolation, les rev\u00eatements de sol et murs, l\u2019\u00e9clairage, le chauffage et le mobilier int\u00e9gr\u00e9.<\/p>\n<h2>Aspects l\u00e9gaux \u00e0 prendre en compte<\/h2>\n<p>La transformation d\u2019un balcon en pi\u00e8ce habitable requiert souvent une autorisation :<\/p>\n<ul>\n<li><strong>France<\/strong> : tout changement ext\u00e9rieur comme le vitrage doit \u00eatre d\u00e9clar\u00e9 \u00e0 la mairie.<\/li>\n<li><strong>Allemagne<\/strong> : les modifications visibles sur la fa\u00e7ade n\u00e9cessitent l\u2019accord de la copropri\u00e9t\u00e9 et des autorit\u00e9s locales.<\/li>\n<li><strong>Espagne<\/strong> : des r\u00e8gles strictes s\u2019appliquent notamment \u00e0 Barcelone et Madrid.<\/li>\n<li><strong>Italie<\/strong> : un projet r\u00e9alis\u00e9 par un architecte agr\u00e9\u00e9 est souvent requis.<\/li>\n<\/ul>\n<p>En cas d\u2019irr\u00e9gularit\u00e9, des amendes allant de 1\u202f000 \u20ac \u00e0 5\u202f000 \u20ac peuvent \u00eatre inflig\u00e9es, accompagn\u00e9es d\u2019une demande de remise en \u00e9tat.<\/p>\n<h2>Isoler correctement son balcon<\/h2>\n<p>Pour un usage toute l\u2019ann\u00e9e, une bonne isolation est indispensable :<\/p>\n<ul>\n<li><strong>Vitrage<\/strong> : fen\u00eatres \u00e0 double vitrage \u00e0 partir de 300 \u20ac\/m\u00b2<\/li>\n<li><strong>Sol<\/strong> : isolation thermique + carrelage ou parquet \u2013 environ 60 \u20ac\/m\u00b2<\/li>\n<li><strong>Murs<\/strong> : laine min\u00e9rale, plaques de pl\u00e2tre ou panneaux de li\u00e8ge<\/li>\n<li><strong>Chauffage<\/strong> : radiateurs \u00e9lectriques ou planchers chauffants d\u00e8s 500 \u20ac pour 6\u202fm\u00b2<\/li>\n<\/ul>\n<p>Une ventilation ad\u00e9quate est essentielle pour \u00e9viter l\u2019humidit\u00e9, surtout \u00e0 l\u2019intersaison.<\/p>\n<h2>Meubles adapt\u00e9s et id\u00e9es d\u00e9co<\/h2>\n<p>Les meubles compacts et fonctionnels sont les plus adapt\u00e9s :<\/p>\n<ul>\n<li>Tables rabattables ou fix\u00e9es au mur<\/li>\n<li>Coffres ou bancs avec rangement<\/li>\n<li>\u00c9tag\u00e8res murales<\/li>\n<li>\u00c9clairage doux : guirlandes, suspensions<\/li>\n<li>Plantes suspendues ou en jardini\u00e8res verticales<\/li>\n<\/ul>\n<p>M\u00eame un balcon de 4 m\u00b2 peut contenir un petit bureau, une chaise confortable et des rangements muraux.<\/p>\n<h2>Exemples en Europe<\/h2>\n<ul>\n<li><strong>Berlin<\/strong> : un couple a am\u00e9nag\u00e9 un bureau sur son balcon pour 6\u202f500 \u20ac. R\u00e9sultat : un loyer augment\u00e9 de 120 \u20ac\/mois.<\/li>\n<li><strong>Barcelone<\/strong> : une loggia a \u00e9t\u00e9 transform\u00e9e en salle \u00e0 manger vitr\u00e9e pour 7\u202f000 \u20ac.<\/li>\n<li><strong>Prague<\/strong> : un studio avec balcon r\u00e9nov\u00e9 s\u2019est vendu 15\u202f000 \u20ac plus cher qu\u2019un \u00e9quivalent sans transformation.<\/li>\n<\/ul>\n<h2>Quand cette r\u00e9novation est-elle rentable ?<\/h2>\n<p>Ce type de projet vaut la peine si :<\/p>\n<ul>\n<li>Vous habitez le logement \u00e0 long terme<\/li>\n<li>Vous souhaitez augmenter sa valeur de revente<\/li>\n<li>Vous comptez le louer \u00e0 un meilleur tarif<\/li>\n<li>Vous avez besoin d\u2019un espace fonctionnel toute l\u2019ann\u00e9e<\/li>\n<\/ul>\n<p>Une r\u00e9novation de 6\u202f000 \u20ac \u00e0 10\u202f000 \u20ac peut g\u00e9n\u00e9rer une plus-value de 10\u202f000 \u20ac \u00e0 20\u202f000 \u20ac et augmenter le rendement locatif de 5 \u00e0 10 %.<\/p>\n<h2>Alternative : balcons ferm\u00e9s dans les constructions neuves<\/h2>\n<p>Dans de nombreux projets neufs en Europe, les balcons ferm\u00e9s ou semi-ferm\u00e9s sont int\u00e9gr\u00e9s d\u00e8s la conception, permettant un usage mixte : ouvert ou habitable. En cas d\u2019achat sur plan, opter pour ce type d\u2019espace augmente la flexibilit\u00e9 d\u2019am\u00e9nagement.<\/p>\n<h2>Conclusion<\/h2>\n<p>Le balcon n\u2019est plus un espace perdu ou secondaire. En l\u2019am\u00e9nageant correctement, il devient une pi\u00e8ce de vie \u00e0 part enti\u00e8re \u2014 bureau, salon, chambre ou jardin. Dans un march\u00e9 immobilier comp\u00e9titif, cette valorisation offre \u00e0 la fois un confort accru et une plus grande rentabilit\u00e9.<\/p>\n","protected":false},"excerpt":{"rendered":"<p>Dans les villes europ\u00e9ennes dens\u00e9ment peupl\u00e9es, o\u00f9 chaque m\u00e8tre carr\u00e9 a de la valeur, le balcon&hellip;<\/p>\n","protected":false},"author":5,"featured_media":42293,"comment_status":"open","ping_status":"open","sticky":false,"template":"","format":"standard","meta":{"_lmt_disableupdate":"","_lmt_disable":"","footnotes":""},"categories":[285],"tags":[144],"class_list":["post-42328","post","type-post","status-publish","format-standard","has-post-thumbnail","hentry","category-mode-de-vie","tag-guide-fr"],"_links":{"self":[{"href":"https:\/\/erena.me\/fr\/wp-json\/wp\/v2\/posts\/42328","targetHints":{"allow":["GET"]}}],"collection":[{"href":"https:\/\/erena.me\/fr\/wp-json\/wp\/v2\/posts"}],"about":[{"href":"https:\/\/erena.me\/fr\/wp-json\/wp\/v2\/types\/post"}],"author":[{"embeddable":true,"href":"https:\/\/erena.me\/fr\/wp-json\/wp\/v2\/users\/5"}],"replies":[{"embeddable":true,"href":"https:\/\/erena.me\/fr\/wp-json\/wp\/v2\/comments?post=42328"}],"version-history":[{"count":0,"href":"https:\/\/erena.me\/fr\/wp-json\/wp\/v2\/posts\/42328\/revisions"}],"wp:featuredmedia":[{"embeddable":true,"href":"https:\/\/erena.me\/fr\/wp-json\/wp\/v2\/media\/42293"}],"wp:attachment":[{"href":"https:\/\/erena.me\/fr\/wp-json\/wp\/v2\/media?parent=42328"}],"wp:term":[{"taxonomy":"category","embeddable":true,"href":"https:\/\/erena.me\/fr\/wp-json\/wp\/v2\/categories?post=42328"},{"taxonomy":"post_tag","embeddable":true,"href":"https:\/\/erena.me\/fr\/wp-json\/wp\/v2\/tags?post=42328"}],"curies":[{"name":"wp","href":"https:\/\/api.w.org\/{rel}","templated":true}]}}