{"id":42084,"date":"2025-07-21T19:59:54","date_gmt":"2025-07-21T15:59:54","guid":{"rendered":"https:\/\/erena.me\/?p=42084"},"modified":"2025-07-21T20:00:21","modified_gmt":"2025-07-21T16:00:21","slug":"comment-les-meubles-multifonctions-sont-devenus-essentiels-dans-les-appartements-urbains-compacts","status":"publish","type":"post","link":"https:\/\/erena.me\/fr\/2025\/07\/21\/comment-les-meubles-multifonctions-sont-devenus-essentiels-dans-les-appartements-urbains-compacts\/","title":{"rendered":"Comment les meubles multifonctions sont devenus essentiels dans les appartements urbains compacts"},"content":{"rendered":"<p>Avec l\u2019augmentation de la densit\u00e9 urbaine en Europe et la flamb\u00e9e des prix de l\u2019immobilier, les citadins doivent composer avec des espaces de plus en plus r\u00e9duits. Face \u00e0 ce d\u00e9fi, une solution s\u2019est impos\u00e9e : les <strong>meubles \u00e0 double usage<\/strong>. Transformables, multifonctionnels et peu encombrants, ces meubles ne sont plus un luxe mais une n\u00e9cessit\u00e9 dans les appartements urbains modernes.<\/p>\n<h2>Vivre en ville : des espaces r\u00e9duits, des besoins accrus<\/h2>\n<p>Selon Eurostat, la taille moyenne des logements dans les grandes villes europ\u00e9ennes diminue constamment. \u00c0 <strong>Paris<\/strong>, un logement neuf fait en moyenne <strong>55 m\u00b2<\/strong>, \u00e0 <strong>Amsterdam<\/strong> <strong>60 m\u00b2<\/strong>, \u00e0 <strong>Berlin<\/strong> <strong>58 m\u00b2<\/strong> et \u00e0 <strong>Barcelone<\/strong> <strong>57 m\u00b2<\/strong>. Pour les jeunes couples, les locataires, les freelances ou les t\u00e9l\u00e9travailleurs, il devient essentiel d\u2019optimiser chaque m\u00e8tre carr\u00e9.<\/p>\n<p>Dans ce contexte d\u2019urbanisation rapide et de hausse des loyers, les meubles multifonctions s\u2019imposent comme une solution intelligente, conciliant design, ergonomie et praticit\u00e9.<\/p>\n<h2>Qu\u2019est-ce qu\u2019un meuble \u00e0 double usage ?<\/h2>\n<p>Un meuble \u00e0 double usage est un \u00e9l\u00e9ment d\u2019ameublement con\u00e7u pour remplir <strong>deux fonctions ou plus<\/strong>. Exemples courants :<\/p>\n<ul>\n<li><strong>Canap\u00e9-lit<\/strong> : si\u00e8ge confortable le jour, lit complet la nuit<\/li>\n<li><strong>Table \u00e0 manger escamotable<\/strong> : bureau en journ\u00e9e, table familiale en soir\u00e9e<\/li>\n<li><strong>Lit avec rangements int\u00e9gr\u00e9s<\/strong> : combine couchage et espace de stockage<\/li>\n<li><strong>Bureau mural rabattable<\/strong> : parfait pour le t\u00e9l\u00e9travail dans un petit espace<\/li>\n<li><strong>Pouf avec espace de rangement<\/strong> ou transformable en table basse<\/li>\n<\/ul>\n<p>Les mod\u00e8les les plus r\u00e9cents incluent aussi des <strong>prises USB<\/strong>, des <strong>niveaux r\u00e9glables<\/strong>, des <strong>roulettes<\/strong> ou une conception <strong>modulaire<\/strong>.<\/p>\n<h2>Une demande croissante sur le march\u00e9 europ\u00e9en<\/h2>\n<p>D\u2019apr\u00e8s Statista, le march\u00e9 du mobilier transformable a connu une croissance de <strong>12\u202f% en 2024<\/strong> en Europe. Les pays les plus dynamiques sont :<\/p>\n<ul>\n<li><strong>Pays-Bas<\/strong> : espaces r\u00e9duits \u00e0 Utrecht, Amsterdam ou La Haye<\/li>\n<li><strong>France<\/strong> : \u00e0 Paris, les studios de 25 \u00e0 35 m\u00b2 sont l\u00e9gion<\/li>\n<li><strong>Allemagne<\/strong> : Berlin ou Hambourg misent sur les micro-logements<\/li>\n<li><strong>Italie et Espagne<\/strong> : fort d\u00e9veloppement des meubl\u00e9s touristiques et urbains<\/li>\n<\/ul>\n<p>Fourchette de prix des meubles multifonctions :<\/p>\n<ul>\n<li>Canap\u00e9-lit de qualit\u00e9 : <strong>600 \u00e0 1\u202f500 \u20ac<\/strong><\/li>\n<li>Lit avec sommier relevable : <strong>500 \u00e0 1\u202f200 \u20ac<\/strong><\/li>\n<li>Bureau modulable compact : <strong>200 \u00e0 800 \u20ac<\/strong><\/li>\n<li>Armoire murale convertible : <strong>\u00e0 partir de 900 \u20ac<\/strong><\/li>\n<\/ul>\n<h2>Marques et innovations<\/h2>\n<p>Des enseignes majeures se sont adapt\u00e9es \u00e0 cette \u00e9volution :<\/p>\n<ul>\n<li><strong>IKEA<\/strong> : gammes comme LINNMON, BRIMNES ou HEMNES, pens\u00e9es pour les petits espaces<\/li>\n<li><strong>BoConcept<\/strong> (Danemark) : design haut de gamme et minimaliste<\/li>\n<li><strong>Resource Furniture<\/strong> (Italie\/USA) : meubles transformables premium<\/li>\n<li><strong>LAGO<\/strong> (Italie) : syst\u00e8mes suspendus et modulaires<\/li>\n<li><strong>Muji<\/strong>, <strong>Nitori<\/strong> (Japon) : design \u00e9pur\u00e9 et fonctionnel, tr\u00e8s appr\u00e9ci\u00e9 en Europe<\/li>\n<\/ul>\n<p>Les meubles personnalis\u00e9s ou faits main sont aussi tr\u00e8s pris\u00e9s, notamment pour des raisons \u00e9cologiques et esth\u00e9tiques.<\/p>\n<h2>Durabilit\u00e9 et technologies int\u00e9gr\u00e9es<\/h2>\n<p>Les fabricants investissent dans des <strong>mat\u00e9riaux recycl\u00e9s<\/strong>, des <strong>m\u00e9canismes \u00e0 fermeture douce<\/strong>, des <strong>syst\u00e8mes LED int\u00e9gr\u00e9s<\/strong>, ou encore dans l\u2019<strong>ameublement connect\u00e9<\/strong>.<\/p>\n<p>La nouvelle tendance : le <strong>mobilier intelligent<\/strong>, comme des tables avec chargeurs sans fil, lits connect\u00e9s ou \u00e9l\u00e9ments contr\u00f4lables via des applis domotiques.<\/p>\n<h2>Confort et qualit\u00e9 de vie<\/h2>\n<p>Les meubles multifonctions r\u00e9pondent aux nouveaux modes de vie urbains :<\/p>\n<ul>\n<li><strong>T\u00e9l\u00e9travailleurs<\/strong> : besoin d\u2019un bureau discret et r\u00e9tractable<\/li>\n<li><strong>Jeunes m\u00e9nages<\/strong> : espaces \u00e0 double fonction dans une seule pi\u00e8ce<\/li>\n<li><strong>S\u00e9niors<\/strong> : am\u00e9nagement optimis\u00e9 pour un logement plus petit<\/li>\n<li><strong>Propri\u00e9taires<\/strong> : valorisation du bien locatif<\/li>\n<\/ul>\n<h2>Investissement immobilier<\/h2>\n<p>De plus en plus d\u2019investisseurs \u00e9quipent leurs appartements urbains de meubles multifonctions pour :<\/p>\n<ul>\n<li>Accro\u00eetre la valeur per\u00e7ue du bien<\/li>\n<li>Maximiser l\u2019usage de studios de moins de 40 m\u00b2<\/li>\n<li>Adapter l\u2019espace \u00e0 divers profils de locataires<\/li>\n<\/ul>\n<p>Dans les grandes villes, ces studios se louent en moyenne entre <strong>700 et 1\u202f500 \u20ac par mois<\/strong>, selon l\u2019am\u00e9nagement et l\u2019emplacement.<\/p>\n<h2>Exemples concrets en Europe<\/h2>\n<ul>\n<li><strong>Paris<\/strong> : studios dans les 3e et 11e arrondissements avec lits escamotables et cuisines compactes<\/li>\n<li><strong>Berlin<\/strong> : appartements neufs avec mobilier int\u00e9gr\u00e9 livr\u00e9 par le promoteur<\/li>\n<li><strong>Milan<\/strong> : transformation de canap\u00e9s en lits superpos\u00e9s ou cloisons mobiles<\/li>\n<li><strong>Barcelone<\/strong> : logements touristiques \u00e9quip\u00e9s de bureaux et tables pliants<\/li>\n<\/ul>\n<h2>Vers une nouvelle fa\u00e7on d\u2019habiter<\/h2>\n<p>Les meubles \u00e0 double usage accompagnent l\u2019\u00e9volution des espaces urbains. Les logements deviennent des <strong>lieux de vie polyvalents<\/strong> : maison, bureau, salle de sport ou lieu social \u2014 dans une seule pi\u00e8ce.<\/p>\n<p>Tendances \u00e9mergentes :<\/p>\n<ul>\n<li><strong>Rangements muraux dissimul\u00e9s<\/strong><\/li>\n<li><strong>Mobilier ext\u00e9rieur modulable pour balcons<\/strong><\/li>\n<li><strong>Mobilier adaptable \u00e0 l\u2019utilisateur et \u00e0 son emploi du temps<\/strong><\/li>\n<li><strong>Conception circulaire<\/strong> pour le recyclage et la r\u00e9utilisation<\/li>\n<\/ul>\n<h2>Conclusion<\/h2>\n<p>Les meubles multifonctions ne sont plus une tendance, mais une <strong>solution essentielle<\/strong> pour habiter mieux dans les villes europ\u00e9ennes. Leur adoption am\u00e9liore non seulement l\u2019organisation de l\u2019espace, mais aussi le confort, la durabilit\u00e9 et la rentabilit\u00e9 de l\u2019habitat.<\/p>\n<p><strong>\u00c0 retenir :<\/strong><\/p>\n<ul>\n<li>Les logements urbains sont de plus en plus petits<\/li>\n<li>Le mobilier multifonction permet un confort sans compromettre la surface<\/li>\n<li>L\u2019offre se diversifie, tant en design qu\u2019en technologie<\/li>\n<li>C\u2019est un choix judicieux pour les propri\u00e9taires, locataires et investisseurs<\/li>\n<li>En 2025, vivre compact n\u2019est plus une contrainte, mais un art de vivre intelligent<\/li>\n<\/ul>\n<p>Les meubles multifonctions sont devenus les alli\u00e9s indispensables d\u2019une vie urbaine moderne, flexible et durable.<\/p>\n","protected":false},"excerpt":{"rendered":"<p>Avec l\u2019augmentation de la densit\u00e9 urbaine en Europe et la flamb\u00e9e des prix de l\u2019immobilier, les&hellip;<\/p>\n","protected":false},"author":5,"featured_media":41763,"comment_status":"open","ping_status":"open","sticky":false,"template":"","format":"standard","meta":{"_lmt_disableupdate":"","_lmt_disable":"","footnotes":""},"categories":[71],"tags":[144],"class_list":["post-42084","post","type-post","status-publish","format-standard","has-post-thumbnail","hentry","category-informations-fr","tag-guide-fr"],"_links":{"self":[{"href":"https:\/\/erena.me\/fr\/wp-json\/wp\/v2\/posts\/42084","targetHints":{"allow":["GET"]}}],"collection":[{"href":"https:\/\/erena.me\/fr\/wp-json\/wp\/v2\/posts"}],"about":[{"href":"https:\/\/erena.me\/fr\/wp-json\/wp\/v2\/types\/post"}],"author":[{"embeddable":true,"href":"https:\/\/erena.me\/fr\/wp-json\/wp\/v2\/users\/5"}],"replies":[{"embeddable":true,"href":"https:\/\/erena.me\/fr\/wp-json\/wp\/v2\/comments?post=42084"}],"version-history":[{"count":0,"href":"https:\/\/erena.me\/fr\/wp-json\/wp\/v2\/posts\/42084\/revisions"}],"wp:featuredmedia":[{"embeddable":true,"href":"https:\/\/erena.me\/fr\/wp-json\/wp\/v2\/media\/41763"}],"wp:attachment":[{"href":"https:\/\/erena.me\/fr\/wp-json\/wp\/v2\/media?parent=42084"}],"wp:term":[{"taxonomy":"category","embeddable":true,"href":"https:\/\/erena.me\/fr\/wp-json\/wp\/v2\/categories?post=42084"},{"taxonomy":"post_tag","embeddable":true,"href":"https:\/\/erena.me\/fr\/wp-json\/wp\/v2\/tags?post=42084"}],"curies":[{"name":"wp","href":"https:\/\/api.w.org\/{rel}","templated":true}]}}