{"id":41876,"date":"2025-07-18T13:48:01","date_gmt":"2025-07-18T09:48:01","guid":{"rendered":"https:\/\/erena.me\/?p=41876"},"modified":"2025-07-18T13:48:39","modified_gmt":"2025-07-18T09:48:39","slug":"la-reforme-de-lurbanisme-suscite-des-inquietudes-sur-les-expropriations-a-las-palmas","status":"publish","type":"post","link":"https:\/\/erena.me\/fr\/2025\/07\/18\/la-reforme-de-lurbanisme-suscite-des-inquietudes-sur-les-expropriations-a-las-palmas\/","title":{"rendered":"La r\u00e9forme de l&#8217;urbanisme suscite des inqui\u00e9tudes sur les expropriations \u00e0 Las Palmas"},"content":{"rendered":"<p>Une nouvelle r\u00e9forme de l\u2019urbanisme propos\u00e9e par la municipalit\u00e9 de Las Palmas, capitale de l\u2019\u00eele de Grande Canarie, suscite de vives pr\u00e9occupations parmi les propri\u00e9taires et les investisseurs. Tandis que les autorit\u00e9s locales affirment que cette initiative vise \u00e0 moderniser la ville, \u00e0 r\u00e9duire la congestion urbaine et \u00e0 promouvoir un d\u00e9veloppement durable, de nombreux citoyens redoutent des expropriations forc\u00e9es et une d\u00e9valorisation de leurs biens immobiliers.<\/p>\n<p>Ce d\u00e9bat illustre une tendance plus large observ\u00e9e dans les villes europ\u00e9ennes, o\u00f9 la volont\u00e9 d\u2019adapter les environnements urbains aux besoins contemporains entre souvent en conflit avec les droits de propri\u00e9t\u00e9 priv\u00e9e.<\/p>\n<h2>Que propose la r\u00e9forme\u202f?<\/h2>\n<p>Le plan pr\u00e9sent\u00e9 par le d\u00e9partement de l\u2019urbanisme de Las Palmas pr\u00e9voit des modifications importantes de l\u2019affectation du sol et de l\u2019am\u00e9nagement urbain, en particulier dans les quartiers dens\u00e9ment peupl\u00e9s ou construits de mani\u00e8re irr\u00e9guli\u00e8re. Les principales mesures incluent\u202f:<\/p>\n<ul>\n<li><strong>La reconfiguration du r\u00e9seau routier<\/strong> en faveur des pi\u00e9tons et cyclistes<\/li>\n<li><strong>La cr\u00e9ation de corridors verts et d\u2019espaces publics<\/strong> dans les zones sous-\u00e9quip\u00e9es<\/li>\n<li><strong>La limitation de la hauteur et de la densit\u00e9 des b\u00e2timents<\/strong> dans certains secteurs<\/li>\n<li><strong>L\u2019introduction de \u201czones d\u2019int\u00e9r\u00eat public\u201d<\/strong>, ouvrant la voie \u00e0 des proc\u00e9dures d\u2019expropriation acc\u00e9l\u00e9r\u00e9es<\/li>\n<li><strong>Des mesures d\u2019adaptation au changement climatique<\/strong>, comme des zones \u00e0 faibles \u00e9missions et des restrictions sur les v\u00e9hicules dans le centre historique<\/li>\n<\/ul>\n<p>Les autorit\u00e9s municipales pr\u00e9sentent cette r\u00e9forme comme une r\u00e9ponse aux d\u00e9fis environnementaux, \u00e0 la croissance d\u00e9mographique et \u00e0 la qualit\u00e9 de vie des habitants.<\/p>\n<h2>Inqui\u00e9tudes des propri\u00e9taires<\/h2>\n<p>Malgr\u00e9 le discours officiel, de nombreux propri\u00e9taires s\u2019inqui\u00e8tent des effets secondaires potentiels de la r\u00e9forme. L\u2019une des principales craintes est la possibilit\u00e9 d\u2019<strong>expropriations forc\u00e9es<\/strong> ou de <strong>changements de classification du sol<\/strong>, rendant certains biens impossibles \u00e0 r\u00e9nover, vendre ou louer.<\/p>\n<p>Parmi les pr\u00e9occupations les plus souvent cit\u00e9es\u202f:<\/p>\n<ul>\n<li><strong>D\u00e9finitions floues<\/strong> des zones \u00ab\u202fd\u2019int\u00e9r\u00eat public\u202f\u00bb, g\u00e9n\u00e9rant une ins\u00e9curit\u00e9 juridique<\/li>\n<li><strong>Indemnisation insuffisante<\/strong> pour les biens expropri\u00e9s, notamment les b\u00e2timents anciens ne r\u00e9pondant pas aux nouvelles normes \u00e9nerg\u00e9tiques<\/li>\n<li><strong>Manque de clart\u00e9 sur le calendrier et les crit\u00e8res d\u2019application<\/strong><\/li>\n<li><strong>Risques pour les petites entreprises<\/strong>, qui pourraient devoir fermer ou d\u00e9m\u00e9nager sans compensation ad\u00e9quate<\/li>\n<\/ul>\n<p>Mar\u00eda L\u00f3pez, propri\u00e9taire d\u2019un immeuble dans le quartier de Vega de San Jos\u00e9, t\u00e9moigne\u202f:<\/p>\n<blockquote><p>\u00ab\u202fNotre b\u00e2timent est ancien mais bien entretenu. Et maintenant on nous dit qu\u2019il pourrait \u00eatre consid\u00e9r\u00e9 comme obsol\u00e8te et repris par la mairie. Et nous, o\u00f9 irons-nous avec nos locataires\u202f?\u202f\u00bb<\/p><\/blockquote>\n<h2>Climat d\u2019investissement fragilis\u00e9<\/h2>\n<p>La r\u00e9forme commence d\u00e9j\u00e0 \u00e0 peser sur le march\u00e9 immobilier. Selon <em>Canaria Inversi\u00f3n Urbana<\/em>, les transactions immobili\u00e8res dans les quartiers centraux et est de Las Palmas ont chut\u00e9 de 22\u202f% au premier semestre 2025 par rapport \u00e0 la m\u00eame p\u00e9riode l\u2019ann\u00e9e pr\u00e9c\u00e9dente. Les prix dans les zones identifi\u00e9es comme \u201crestructurables\u201d ont diminu\u00e9 de 8 \u00e0 12\u202f%.<\/p>\n<p>Las Palmas \u00e9tait jusqu\u2019alors un march\u00e9 pris\u00e9 des investisseurs nationaux et \u00e9trangers gr\u00e2ce \u00e0 la rentabilit\u00e9 locative \u00e9lev\u00e9e et \u00e0 l\u2019offre limit\u00e9e en centre-ville. Mais selon <em>Grupo Atl\u00e1ntico Real<\/em>, environ 30\u202f% des acheteurs potentiels dans des zones comme La Isleta ont suspendu leurs projets d\u2019achat ou s\u2019en sont compl\u00e8tement retir\u00e9s.<\/p>\n<h2>Une r\u00e9forme n\u00e9cessaire, mais un manque de transparence<\/h2>\n<p>Les experts en urbanisme s\u2019accordent sur la n\u00e9cessit\u00e9 de moderniser les villes, mais insistent sur l\u2019importance de la <strong>transparence<\/strong>, de la <strong>l\u00e9galit\u00e9<\/strong> et d\u2019une <strong>indemnisation \u00e9quitable<\/strong>.<\/p>\n<p>Juan P\u00e9rez, professeur d\u2019urbanisme \u00e0 l\u2019universit\u00e9 de Las Palmas, explique\u202f:<\/p>\n<blockquote><p>\u00ab\u202fAucune ville ne peut \u00e9voluer sans interventions. Mais ces interventions doivent \u00eatre l\u00e9gitimes, proportionn\u00e9es et indemnis\u00e9es. Sinon, la confiance dans les institutions dispara\u00eet.\u202f\u00bb<\/p><\/blockquote>\n<p>Il souligne \u00e9galement que l\u2019absence de concertation envoie un mauvais signal aux investisseurs, \u00e0 un moment o\u00f9 les march\u00e9s immobiliers europ\u00e9ens sont d\u00e9j\u00e0 sous pression.<\/p>\n<h2>Recours juridiques et contestation publique<\/h2>\n<p>Face \u00e0 ces inqui\u00e9tudes, plusieurs cabinets d\u2019avocats comme <em>LexCan Abogados<\/em> se pr\u00e9parent \u00e0 contester les expropriations devant les tribunaux. Les recours sont fond\u00e9s sur\u202f:<\/p>\n<ul>\n<li>L\u2019ins\u00e9curit\u00e9 juridique cr\u00e9\u00e9e par les d\u00e9finitions vagues<\/li>\n<li>L\u2019absence de consultation publique sur la d\u00e9signation des zones<\/li>\n<li>De possibles violations du droit de propri\u00e9t\u00e9 garanti par la Constitution espagnole et le droit europ\u00e9en<\/li>\n<li>Des proc\u00e9dures d\u2019indemnisation jug\u00e9es opaques ou incompl\u00e8tes<\/li>\n<\/ul>\n<p>Des demandes de suspension de la r\u00e9forme ont d\u00e9j\u00e0 \u00e9t\u00e9 d\u00e9pos\u00e9es dans plusieurs quartiers.<\/p>\n<h2>R\u00e9action des autorit\u00e9s<\/h2>\n<p>Lors d\u2019une conf\u00e9rence de presse en juin 2025, le maire Alejandro Ram\u00edrez a tent\u00e9 de rassurer la population\u202f:<\/p>\n<blockquote><p>\u00ab\u202fAucun habitant ne sera laiss\u00e9 sans logement. Chaque situation sera examin\u00e9e individuellement.\u202f\u00bb<\/p><\/blockquote>\n<p>Il a pr\u00e9cis\u00e9 que la r\u00e9forme vise avant tout la <strong>restructuration concert\u00e9e<\/strong>, avec possibilit\u00e9 d\u2019<strong>\u00e9changes de terrains<\/strong> ou d\u2019aides \u00e0 la r\u00e9novation. Mais ces promesses n\u2019ont pas encore \u00e9t\u00e9 formalis\u00e9es dans un cadre juridique, laissant subsister le flou.<\/p>\n<h2>Impact sur le march\u00e9 immobilier<\/h2>\n<p>En juillet 2025, le prix moyen au m\u00e8tre carr\u00e9 dans les quartiers anciens varie entre 1\u202f800 et 2\u202f200\u202f\u20ac. Dans les zones concern\u00e9es par la cr\u00e9ation d\u2019espaces verts ou de zones pi\u00e9tonnes, ce prix est descendu \u00e0 1\u202f600\u202f\u20ac\/m\u00b2. \u00c0 l\u2019inverse, dans les quartiers non affect\u00e9s comme Tafira ou Ciudad Alta, les prix restent stables entre 2\u202f400 et 2\u202f600\u202f\u20ac\/m\u00b2, avec une demande en hausse de 17\u202f% sur un an.<\/p>\n<p>Les rendements locatifs, eux, connaissent une l\u00e9g\u00e8re baisse dans les zones floues, les propri\u00e9taires \u00e9voquant des p\u00e9riodes de vacance plus longues.<\/p>\n<h2>Cons\u00e9quences pour d\u2019autres villes europ\u00e9ennes<\/h2>\n<p>Las Palmas n\u2019est pas un cas isol\u00e9. Des villes comme Berlin, Paris ou Amsterdam se heurtent \u00e9galement aux tensions entre am\u00e9nagement durable et protection de la propri\u00e9t\u00e9 priv\u00e9e. L\u2019exemple de Las Palmas souligne l\u2019importance d\u2019un <strong>cadre r\u00e9glementaire clair<\/strong>, d\u2019une <strong>concertation avec les parties prenantes<\/strong> et d\u2019une <strong>application progressive<\/strong>.<\/p>\n<p>L\u2019urbanisme est un exercice d\u2019\u00e9quilibre d\u00e9licat\u202f: l\u2019int\u00e9r\u00eat collectif doit \u00eatre concili\u00e9 avec les droits \u00e9conomiques et juridiques des citoyens.<\/p>\n<h2>Conclusion<\/h2>\n<p>La r\u00e9forme de l\u2019urbanisme \u00e0 Las Palmas marque une \u00e9tape d\u00e9cisive dans la transformation de la ville. Si ses objectifs \u2014 durabilit\u00e9, mobilit\u00e9 douce, qualit\u00e9 de vie \u2014 font consensus, la mani\u00e8re de les atteindre soul\u00e8ve des critiques l\u00e9gitimes.<\/p>\n<p>Sans garanties sur les droits fonciers, sans cadre juridique pr\u00e9cis et sans dialogue structur\u00e9, la r\u00e9forme risque de provoquer l\u2019effet inverse\u202f: d\u00e9sengagement des investisseurs, m\u00e9contentement des habitants et instabilit\u00e9 juridique. Pour r\u00e9ussir, la modernisation urbaine doit rassembler plut\u00f4t que diviser.<\/p>\n","protected":false},"excerpt":{"rendered":"<p>Une nouvelle r\u00e9forme de l\u2019urbanisme propos\u00e9e par la municipalit\u00e9 de Las Palmas, capitale de l\u2019\u00eele de&hellip;<\/p>\n","protected":false},"author":5,"featured_media":41776,"comment_status":"open","ping_status":"open","sticky":false,"template":"","format":"standard","meta":{"_lmt_disableupdate":"","_lmt_disable":"","footnotes":""},"categories":[71],"tags":[167],"class_list":["post-41876","post","type-post","status-publish","format-standard","has-post-thumbnail","hentry","category-informations-fr","tag-espagne"],"_links":{"self":[{"href":"https:\/\/erena.me\/fr\/wp-json\/wp\/v2\/posts\/41876","targetHints":{"allow":["GET"]}}],"collection":[{"href":"https:\/\/erena.me\/fr\/wp-json\/wp\/v2\/posts"}],"about":[{"href":"https:\/\/erena.me\/fr\/wp-json\/wp\/v2\/types\/post"}],"author":[{"embeddable":true,"href":"https:\/\/erena.me\/fr\/wp-json\/wp\/v2\/users\/5"}],"replies":[{"embeddable":true,"href":"https:\/\/erena.me\/fr\/wp-json\/wp\/v2\/comments?post=41876"}],"version-history":[{"count":0,"href":"https:\/\/erena.me\/fr\/wp-json\/wp\/v2\/posts\/41876\/revisions"}],"wp:featuredmedia":[{"embeddable":true,"href":"https:\/\/erena.me\/fr\/wp-json\/wp\/v2\/media\/41776"}],"wp:attachment":[{"href":"https:\/\/erena.me\/fr\/wp-json\/wp\/v2\/media?parent=41876"}],"wp:term":[{"taxonomy":"category","embeddable":true,"href":"https:\/\/erena.me\/fr\/wp-json\/wp\/v2\/categories?post=41876"},{"taxonomy":"post_tag","embeddable":true,"href":"https:\/\/erena.me\/fr\/wp-json\/wp\/v2\/tags?post=41876"}],"curies":[{"name":"wp","href":"https:\/\/api.w.org\/{rel}","templated":true}]}}