{"id":41621,"date":"2025-07-16T10:02:52","date_gmt":"2025-07-16T06:02:52","guid":{"rendered":"https:\/\/erena.me\/2025\/07\/16\/statistiques-du-marche-immobilier-europeen-tendances-et-analyses-recentes\/"},"modified":"2025-07-16T15:21:06","modified_gmt":"2025-07-16T11:21:06","slug":"statistiques-marche-immobilier-europeen","status":"publish","type":"post","link":"https:\/\/erena.me\/fr\/2025\/07\/16\/statistiques-marche-immobilier-europeen\/","title":{"rendered":"Statistiques du March\u00e9 Immobilier Europ\u00e9en: Tendances et Analyses R\u00e9centes"},"content":{"rendered":"\n<p>Le march\u00e9 immobilier europ\u00e9en demeure l&#8217;un des environnements immobiliers les plus dynamiques et complexes au monde. Des appartements de luxe \u00e0 Paris aux villas c\u00f4ti\u00e8res au Portugal, et du secteur du logement r\u00e9glement\u00e9 \u00e0 Berlin aux march\u00e9s \u00e9mergents comme la Gr\u00e8ce et la Croatie, l&#8217;Europe offre aux investisseurs un large \u00e9ventail d&#8217;opportunit\u00e9s \u2013 et de d\u00e9fis.<\/p>\n\n\n\n<p>Malgr\u00e9 l&#8217;inflation, l&#8217;instabilit\u00e9 politique et l&#8217;augmentation des co\u00fbts d&#8217;emprunt, la demande de propri\u00e9t\u00e9s r\u00e9sidentielles et commerciales \u00e0 travers l&#8217;Europe s&#8217;est av\u00e9r\u00e9e r\u00e9siliente. Dans cet article, nous pr\u00e9sentons les <strong>statistiques du march\u00e9 immobilier europ\u00e9en les plus r\u00e9centes<\/strong>, explorons les <strong>tendances cl\u00e9s<\/strong> et offrons des <strong>analyses approfondies<\/strong> pour 2025 et au-del\u00e0.<\/p>\n\n\n\n<hr class=\"wp-block-separator has-alpha-channel-opacity\"\/>\n\n\n\n<h2 class=\"wp-block-heading\">\ud83c\udf0d Macrotendances Fa\u00e7onnant le March\u00e9<\/h2>\n\n\n\n<p>Avant de plonger dans les donn\u00e9es sp\u00e9cifiques \u00e0 chaque pays, il est important de comprendre l&#8217;environnement macro\u00e9conomique qui influence le secteur immobilier :<\/p>\n\n\n\n<ul class=\"wp-block-list\">\n<li><strong>Inflation et Taux d&#8217;Int\u00e9r\u00eat :<\/strong> La Banque Centrale Europ\u00e9enne (BCE) a maintenu des taux relativement \u00e9lev\u00e9s depuis 2023 pour contr\u00f4ler l&#8217;inflation. Cela a frein\u00e9 les achats sp\u00e9culatifs et r\u00e9duit l&#8217;acc\u00e8s au financement hypoth\u00e9caire, en particulier pour les primo-acc\u00e9dants dans des pays comme l&#8217;Allemagne et les Pays-Bas.<\/li>\n\n\n\n<li><strong>D\u00e9mographie et Migration :<\/strong> La migration interne (du Nord au Sud), le vieillissement des populations et les sch\u00e9mas d&#8217;urbanisation continuent de modifier la demande. Le Portugal, l&#8217;Espagne et la Gr\u00e8ce connaissent un afflux constant de retrait\u00e9s, de travailleurs \u00e0 distance et de nomades num\u00e9riques.<\/li>\n\n\n\n<li><strong>Changements R\u00e9glementaires :<\/strong> De nouvelles lois sur l&#8217;encadrement des loyers en France et des r\u00e9glementations de construction plus strictes en Allemagne remod\u00e8lent les strat\u00e9gies d&#8217;investissement et impactent les d\u00e9lais de d\u00e9veloppement.<\/li>\n<\/ul>\n\n\n\n<hr class=\"wp-block-separator has-alpha-channel-opacity\"\/>\n\n\n\n<h2 class=\"wp-block-heading\">\ud83d\udcca Aper\u00e7u D\u00e9taill\u00e9 du March\u00e9 par Pays : Statistiques et Tendances (Mi-2025)<\/h2>\n\n\n\n<p>Examinons la situation actuelle dans les principaux pays europ\u00e9ens, incluant les derni\u00e8res <strong>statistiques immobili\u00e8res<\/strong> et les <strong>analyses des tendances<\/strong> sp\u00e9cifiques \u00e0 chaque march\u00e9 local.<\/p>\n\n\n\n<h3 class=\"wp-block-heading\">\ud83c\udde9\ud83c\uddea Allemagne : Correction Apr\u00e8s le Boom<\/h3>\n\n\n\n<p><strong>Variation des prix (An\/An) :<\/strong> -1.2% <strong>Prix moyen (urbain) :<\/strong> 4 100 \u20ac\/m\u00b2 <strong>Tendance cl\u00e9 :<\/strong> Correction post-COVID. Berlin et Munich ont connu une croissance \u00e0 deux chiffres entre 2020 et 2022, mais 2024-2025 a apport\u00e9 une stabilisation. Les investisseurs se concentrent d\u00e9sormais sur les banlieues et les villes de taille moyenne comme Leipzig et Dresde, o\u00f9 les prix sont plus accessibles et les infrastructures se d\u00e9veloppent activement. Le plan de subventions du gouvernement national pour les b\u00e2timents \u00e0 haute efficacit\u00e9 \u00e9nerg\u00e9tique devrait \u00e9galement stimuler la r\u00e9novation urbaine.<\/p>\n\n\n\n<h3 class=\"wp-block-heading\">\ud83c\uddeb\ud83c\uddf7 France : Stabilit\u00e9 du C\u0153ur, Hausse du Luxe<\/h3>\n\n\n\n<p><strong>Variation des prix (An\/An) :<\/strong> +2.1% <strong>Prix moyen (Paris) :<\/strong> 10 000 \u2013 12 000 \u20ac\/m\u00b2 <strong>Tendance cl\u00e9 :<\/strong> Forte demande dans le luxe et le logement \u00e9tudiant. L&#8217;int\u00e9r\u00eat international pour le centre de Paris reste \u00e9lev\u00e9, notamment dans les 1er-8e arrondissements. Parall\u00e8lement, Lyon, Bordeaux et Montpellier attirent les investisseurs nationaux gr\u00e2ce \u00e0 de meilleurs ratios prix\/loyer, une haute qualit\u00e9 de vie et un acc\u00e8s aux p\u00f4les de transport. Une nouvelle taxe gouvernementale sur les propri\u00e9t\u00e9s vacantes en zones urbaines devrait mettre davantage d&#8217;unit\u00e9s sur le march\u00e9.<\/p>\n\n\n\n<h3 class=\"wp-block-heading\">\ud83c\uddea\ud83c\uddf8 Espagne : Demande R\u00e9siliente le Long de la C\u00f4te<\/h3>\n\n\n\n<p><strong>Variation des prix (An\/An) :<\/strong> +5.1% <strong>Prix moyen (Barcelone) :<\/strong> 3 200 \u20ac\/m\u00b2 <strong>Tendance cl\u00e9 :<\/strong> Les locations \u00e0 court terme g\u00e9n\u00e8rent du rendement. D&#8217;Alicante \u00e0 Malaga, les villes espagnoles sont en plein essor gr\u00e2ce \u00e0 la reprise du tourisme et \u00e0 la relocalisation des expatri\u00e9s. M\u00eame les villes de taille moyenne comme Valence et Murcie gagnent en popularit\u00e9. L&#8217;Espagne pr\u00e9sente un march\u00e9 \u00e0 deux vitesses : des zones c\u00f4ti\u00e8res florissantes et des r\u00e9gions int\u00e9rieures plus stables mais ch\u00e8res (Madrid, Saragosse). Le programme &#8220;Golden Visa&#8221; du pays continue de stimuler la demande \u00e9trang\u00e8re, bien que les r\u00e9formes \u00e0 venir puissent modifier le paysage.<\/p>\n\n\n\n<h3 class=\"wp-block-heading\">\ud83c\uddf5\ud83c\uddf9 Portugal : Style de Vie et Investissement<\/h3>\n\n\n\n<p><strong>Variation des prix (An\/An) :<\/strong> +6.7% <strong>Prix moyen (Lisbonne) :<\/strong> 4 000 \u2013 10 000 \u20ac\/m\u00b2 (prime) <strong>Tendance cl\u00e9 :<\/strong> Achats internationaux haut de gamme. Lisbonne, Cascais et Porto sont en t\u00eate des segments du luxe et de la location. La nouvelle construction est limit\u00e9e, ce qui pousse les prix \u00e0 la hausse. Alors que l&#8217;explosion des prix \u00e0 Lisbonne semble se stabiliser \u00e0 la mi-2025, la demande reste \u00e9lev\u00e9e \u00e0 Porto, Braga et m\u00eame dans la r\u00e9gion de l&#8217;Algarve. Les visas pour nomades num\u00e9riques et les incitations fiscales continuent d&#8217;attirer de jeunes professionnels de toute l&#8217;Europe et de l&#8217;Am\u00e9rique du Nord. Selon Confidencial Imobili\u00e1rio, les rendements locatifs sup\u00e9rieurs \u00e0 5% sont toujours courants dans les quartiers cl\u00e9s.<\/p>\n\n\n\n<h3 class=\"wp-block-heading\">\ud83c\uddee\ud83c\uddf9 Italie : Sous-\u00e9valu\u00e9e et Attractive<\/h3>\n\n\n\n<p><strong>Variation des prix (An\/An) :<\/strong> +1.8% <strong>Prix moyen (Milan) :<\/strong> 3 900 \u20ac\/m\u00b2 <strong>Tendance cl\u00e9 :<\/strong> Croissance dans les maisons de campagne et patrimoniales. Les acheteurs allemands et suisses investissent dans les villages italiens et les propri\u00e9t\u00e9s au bord des lacs. Les incitations fiscales gouvernementales, y compris les projets &#8220;Maison \u00e0 1 euro&#8221; et les incitations fiscales Superbonus, soutiennent les projets de r\u00e9novation, notamment en Sicile, Calabre et Ombrie. Milan et Rome restent stables mais comp\u00e9titives, tandis que la Toscane conna\u00eet une forte activit\u00e9 dans le luxe.<\/p>\n\n\n\n<h3 class=\"wp-block-heading\">\ud83c\uddf3\ud83c\uddf1 Pays-Bas : R\u00e9glement\u00e9 et Stabilis\u00e9<\/h3>\n\n\n\n<p><strong>Variation des prix (An\/An) :<\/strong> +0.4% <strong>Prix moyen (Amsterdam) :<\/strong> 5 300 \u20ac\/m\u00b2 <strong>Tendance cl\u00e9 :<\/strong> Le contr\u00f4le des loyers impacte les rendements. Amsterdam reste ch\u00e8re, mais les r\u00e9centes mesures gouvernementales visant \u00e0 plafonner les loyers ont r\u00e9duit l&#8217;app\u00e9tit des investisseurs. Les march\u00e9s du logement n\u00e9erlandais sont sous surveillance r\u00e9glementaire intense. De nouvelles lois sur l&#8217;encadrement des loyers \u00e0 Amsterdam et La Haye ont frein\u00e9 l&#8217;enthousiasme des investisseurs, tandis que des villes plus petites comme Eindhoven attirent les acheteurs institutionnels se concentrant sur les mod\u00e8les de construction pour la location.<\/p>\n\n\n\n<hr class=\"wp-block-separator has-alpha-channel-opacity\"\/>\n\n\n\n<h2 class=\"wp-block-heading\">\ud83e\udded Principales Tendances \u00e0 Surveiller et Analyses Cl\u00e9s<\/h2>\n\n\n\n<ul class=\"wp-block-list\">\n<li><strong>L&#8217;Ascension de l&#8217;Europe du Sud :<\/strong> Le travail \u00e0 distance, la pr\u00e9f\u00e9rence climatique et des r\u00e9gimes fiscaux plus flexibles ont fait du Sud le nouveau moteur de croissance de l&#8217;immobilier europ\u00e9en. Par exemple, Lisbonne et Ath\u00e8nes affichent des rendements locatifs sup\u00e9rieurs \u00e0 5%, tandis que la croissance des prix \u00e0 Malaga et en Algarve d\u00e9passe la moyenne de l&#8217;UE.<\/li>\n\n\n\n<li><strong>D\u00e9placement de la Demande des Villes vers les Banlieues :<\/strong> Les acheteurs post-pand\u00e9mie recherchent plus d&#8217;espace, de lumi\u00e8re et d&#8217;abordabilit\u00e9.<\/li>\n\n\n\n<li><strong>Augmentation de l&#8217;Investissement dans les R\u00e9sidences Secondaires et de Vacances :<\/strong> Des \u00eeles croates \u00e0 l&#8217;Italie rurale, la demande de r\u00e9sidences secondaires est de retour.<\/li>\n\n\n\n<li><strong>R\u00e9novations \u00c9cologiques et Conformit\u00e9 ESG :<\/strong> De nouvelles directives de l&#8217;UE poussent \u00e0 l&#8217;efficacit\u00e9 \u00e9nerg\u00e9tique et \u00e0 la d\u00e9carbonisation des b\u00e2timents.<\/li>\n<\/ul>\n\n\n\n<hr class=\"wp-block-separator has-alpha-channel-opacity\"\/>\n\n\n\n<h2 class=\"wp-block-heading\">\ud83d\udcc8 Rendements Locatifs vs. Croissance du Capital : Analyse des Opportunit\u00e9s<\/h2>\n\n\n\n<figure class=\"wp-block-table\"><div class=\"pcrstb-wrap\"><table class=\"has-fixed-layout\"><thead><tr><td>Ville<\/td><td>Rendement Locatif<\/td><\/tr><\/thead><tbody><tr><td>Lisbonne<\/td><td>5.5%<\/td><\/tr><tr><td>Berlin<\/td><td>3.8%<\/td><\/tr><tr><td>Ath\u00e8nes<\/td><td>6.3%<\/td><\/tr><tr><td>Milan<\/td><td>3.9%<\/td><\/tr><tr><td>Malaga<\/td><td>6.0%<\/td><\/tr><tr><td>Budapest<\/td><td>7.1%<\/td><\/tr><\/tbody><\/table><\/div><\/figure>\n\n\n\n<hr class=\"wp-block-separator has-alpha-channel-opacity\"\/>\n\n\n\n<h2 class=\"wp-block-heading\">\ud83d\udca1 Insights des Rapports de l&#8217;Industrie<\/h2>\n\n\n\n<p>Ces <strong>analyses r\u00e9centes<\/strong> s&#8217;appuient sur des donn\u00e9es solides provenant de sources r\u00e9put\u00e9es :<\/p>\n\n\n\n<ul class=\"wp-block-list\">\n<li><strong>Knight Frank (T2 2025) :<\/strong> L&#8217;Europe du Sud m\u00e8ne la croissance avec une augmentation moyenne de 5.3% en glissement annuel au Portugal, en Espagne et en Gr\u00e8ce.<\/li>\n\n\n\n<li><strong>CBRE Global Outlook :<\/strong> Les d\u00e9veloppements conformes aux crit\u00e8res ESG surperforment les actifs traditionnels de 12% dans les centres urbains.<\/li>\n\n\n\n<li><strong>Eurostat Rental Index :<\/strong> Les prix moyens des loyers ont augment\u00e9 de 6.2% dans l&#8217;UE depuis 2023, l&#8217;Europe de l&#8217;Est enregistrant la croissance la plus rapide.<\/li>\n<\/ul>\n\n\n\n<hr class=\"wp-block-separator has-alpha-channel-opacity\"\/>\n\n\n\n<h2 class=\"wp-block-heading\">\ud83d\udd2e Pr\u00e9visions Immobili\u00e8res pour 2025\u20132027<\/h2>\n\n\n\n<ul class=\"wp-block-list\">\n<li><strong>Prix :<\/strong> Stabilisation en Allemagne, croissance en Espagne, au Portugal et en Gr\u00e8ce.<\/li>\n\n\n\n<li><strong>Taux d&#8217;int\u00e9r\u00eat :<\/strong> L\u00e9g\u00e8re baisse attendue en 2026.<\/li>\n\n\n\n<li><strong>Offre :<\/strong> P\u00e9nurie continue dans les c\u0153urs urbains.<\/li>\n\n\n\n<li><strong>Investissements \u00e9trangers :<\/strong> Probable augmentation.<\/li>\n<\/ul>\n\n\n\n<hr class=\"wp-block-separator has-alpha-channel-opacity\"\/>\n\n\n\n<h2 class=\"wp-block-heading\">\ud83d\udcbc Ce que Ces Statistiques et Tendances Signifient pour les Acheteurs et les Investisseurs<\/h2>\n\n\n\n<ul class=\"wp-block-list\">\n<li>Si vous \u00eates un <strong>acheteur :<\/strong> Explorez les opportunit\u00e9s en Espagne et au Portugal.<\/li>\n\n\n\n<li>Si vous \u00eates un <strong>investisseur :<\/strong> Concentrez-vous sur les march\u00e9s \u00e9mergents et les rendements en Europe du Sud.<\/li>\n\n\n\n<li><strong>Regardez au-del\u00e0 des capitales :<\/strong> Les p\u00f4les r\u00e9gionaux offrent souvent de meilleurs rendements et des taxes plus faibles.<\/li>\n\n\n\n<li><strong>Surveillez les changements r\u00e9glementaires :<\/strong> L&#8217;encadrement des loyers peut affecter consid\u00e9rablement le retour sur investissement.<\/li>\n\n\n\n<li><strong>La logistique et le logement \u00e9tudiant<\/strong> restent des segments commerciaux \u00e0 fort potentiel.<\/li>\n\n\n\n<li><strong>Consid\u00e9rez la stabilit\u00e9 politique<\/strong> et la demande des expatri\u00e9s lors du choix de l&#8217;emplacement.<\/li>\n<\/ul>\n\n\n\n<hr class=\"wp-block-separator has-alpha-channel-opacity\"\/>\n\n\n\n<h2 class=\"wp-block-heading\">\ud83d\udccc Conclusion : La Complexit\u00e9 R\u00e9v\u00e8le les Opportunit\u00e9s<\/h2>\n\n\n\n<p>Le march\u00e9 immobilier europ\u00e9en en 2025 n&#8217;est pas un monolithe \u2014 c&#8217;est une mosa\u00efque de micro-march\u00e9s locaux. Comprendre ces nuances et s&#8217;appuyer sur des <strong>statistiques pr\u00e9cises<\/strong> et des <strong>analyses de tendances<\/strong> permettra aux investisseurs et aux acheteurs de prendre des d\u00e9cisions \u00e9clair\u00e9es et de capitaliser sur les opportunit\u00e9s \u00e9mergentes.<\/p>\n\n\n\n<hr class=\"wp-block-separator has-alpha-channel-opacity\"\/>\n\n\n\n<h2 class=\"wp-block-heading\">\u2753 Foire Aux Questions (FAQ)<\/h2>\n\n\n\n<p><strong>Q : L&#8217;ann\u00e9e 2025 est-elle un bon moment pour investir dans l&#8217;immobilier europ\u00e9en ?<\/strong> R : Oui, si vous cherchez aux bons endroits. L&#8217;Europe du Sud et de l&#8217;Est montrent r\u00e9silience et croissance, tandis que l&#8217;Europe de l&#8217;Ouest offre une s\u00e9curit\u00e9 \u00e0 long terme.<\/p>\n\n\n\n<p><strong>Q : Quelles sont les meilleures villes pour g\u00e9n\u00e9rer des revenus locatifs ?<\/strong> R : Lisbonne, Budapest, Valence et Ath\u00e8nes offrent actuellement des rendements sup\u00e9rieurs \u00e0 5%, surtout sur les march\u00e9s de la location \u00e0 court terme.<\/p>\n\n\n\n<p><strong>Q : Comment la politique des taux d&#8217;int\u00e9r\u00eat de la BCE affectera-t-elle les prix ?<\/strong> R : Une r\u00e9duction progressive est pr\u00e9vue pour 2026, ce qui pourrait d\u00e9bloquer une demande refoul\u00e9e et am\u00e9liorer la capacit\u00e9 d&#8217;emprunt.<\/p>\n\n\n\n<hr class=\"wp-block-separator has-alpha-channel-opacity\"\/>\n\n\n\n<h2 class=\"wp-block-heading\">\ud83d\udcce Ressources<\/h2>\n\n\n\n<ul class=\"wp-block-list\">\n<li><a href=\"https:\/\/ec.europa.eu\/eurostat\/statistics-explained\/index.php?title=Housing_statistics\" target=\"_blank\" rel=\"noreferrer noopener\">Statistiques sur le Logement Eurostat<\/a><\/li>\n\n\n\n<li><a href=\"https:\/\/www.knightfrank.com\/research\" target=\"_blank\" rel=\"noreferrer noopener\">Rapports Mondiaux Knight Frank<\/a><\/li>\n\n\n\n<li><a href=\"https:\/\/www.cbre.com\/insights\" target=\"_blank\" rel=\"noreferrer noopener\">Insights du March\u00e9 CBRE<\/a><\/li>\n<\/ul>\n\n\n\n<h2 class=\"wp-block-heading\"><p class=\"p1\"><span class=\"s1\">\ud83d\udcca <\/span><b>Acc\u00e9dez aux Donn\u00e9es Immobili\u00e8res par Pays<\/b><b><\/b><\/p><\/h2>\n\n\n\n<p>Pour une analyse compl\u00e8te des prix, rendements, tendances locatives et pr\u00e9visions par pays, visitez notre page d\u00e9di\u00e9e :\n<\/p>\n\n\n\n<p><p class=\"p1\"><span class=\"s1\">\ud83d\udc49 <a href=\"https:\/\/erena.me\/fr\/statistiques-du-marche-immobilier-europeen-tendances-prix-et-donnees-dinvestissement\/\" data-mce-href=\"https:\/\/erena.me\/fr\/statistiques-du-marche-immobilier-europeen-tendances-prix-et-donnees-dinvestissement\/\" data-mce-><span class=\"s2\"><b>Statistiques du March\u00e9 Immobilier Europ\u00e9en 2025<\/b><b><\/b><\/span><\/a><\/span><\/p><\/p>\n\n\n\n<p>\ud83d\udcc8 Prenez une Longueur d\u2019Avance avec les Analyses Fiables d\u2019ERENA<\/p>\n","protected":false},"excerpt":{"rendered":"<p>Le march\u00e9 immobilier europ\u00e9en demeure l&#8217;un des environnements immobiliers les plus dynamiques et complexes au monde.&hellip;<\/p>\n","protected":false},"author":2,"featured_media":41638,"comment_status":"open","ping_status":"open","sticky":false,"template":"","format":"standard","meta":{"_lmt_disableupdate":"","_lmt_disable":"","footnotes":""},"categories":[101,114,65],"tags":[],"class_list":["post-41621","post","type-post","status-publish","format-standard","has-post-thumbnail","hentry","category-analyse-et-previsions","category-connaissance-de-limmobilier","category-statistiques"],"_links":{"self":[{"href":"https:\/\/erena.me\/fr\/wp-json\/wp\/v2\/posts\/41621","targetHints":{"allow":["GET"]}}],"collection":[{"href":"https:\/\/erena.me\/fr\/wp-json\/wp\/v2\/posts"}],"about":[{"href":"https:\/\/erena.me\/fr\/wp-json\/wp\/v2\/types\/post"}],"author":[{"embeddable":true,"href":"https:\/\/erena.me\/fr\/wp-json\/wp\/v2\/users\/2"}],"replies":[{"embeddable":true,"href":"https:\/\/erena.me\/fr\/wp-json\/wp\/v2\/comments?post=41621"}],"version-history":[{"count":0,"href":"https:\/\/erena.me\/fr\/wp-json\/wp\/v2\/posts\/41621\/revisions"}],"wp:featuredmedia":[{"embeddable":true,"href":"https:\/\/erena.me\/fr\/wp-json\/wp\/v2\/media\/41638"}],"wp:attachment":[{"href":"https:\/\/erena.me\/fr\/wp-json\/wp\/v2\/media?parent=41621"}],"wp:term":[{"taxonomy":"category","embeddable":true,"href":"https:\/\/erena.me\/fr\/wp-json\/wp\/v2\/categories?post=41621"},{"taxonomy":"post_tag","embeddable":true,"href":"https:\/\/erena.me\/fr\/wp-json\/wp\/v2\/tags?post=41621"}],"curies":[{"name":"wp","href":"https:\/\/api.w.org\/{rel}","templated":true}]}}