{"id":39857,"date":"2025-07-15T20:50:07","date_gmt":"2025-07-15T16:50:07","guid":{"rendered":"https:\/\/erena.me\/?p=39857"},"modified":"2025-07-15T20:50:37","modified_gmt":"2025-07-15T16:50:37","slug":"blackstone-vise-une-operation-emblematique-a-paris-dune-valeur-de-700-millions-deuros","status":"publish","type":"post","link":"https:\/\/erena.me\/fr\/2025\/07\/15\/blackstone-vise-une-operation-emblematique-a-paris-dune-valeur-de-700-millions-deuros\/","title":{"rendered":"Blackstone vise une op\u00e9ration embl\u00e9matique \u00e0 Paris d\u2019une valeur de 700\u202fmillions d\u2019euros"},"content":{"rendered":"<p>Le g\u00e9ant am\u00e9ricain de l\u2019investissement Blackstone serait en pourparlers avanc\u00e9s pour acqu\u00e9rir l\u2019un des biens immobiliers commerciaux les plus prestigieux de Paris, dans le cadre d\u2019une transaction qui pourrait d\u00e9passer les 700\u202fmillions d\u2019euros. Si elle est finalis\u00e9e, cette op\u00e9ration deviendrait l\u2019une des plus importantes de 2025 dans la capitale fran\u00e7aise, renfor\u00e7ant ainsi la position strat\u00e9gique de Blackstone sur le march\u00e9 immobilier europ\u00e9en et soulignant l\u2019int\u00e9r\u00eat continu des investisseurs internationaux pour les actifs haut de gamme dans les grandes villes europ\u00e9ennes.<\/p>\n<h3>Un actif de prestige au c\u0153ur de Paris<\/h3>\n<p>Selon des sources proches du dossier, le bien concern\u00e9 est un complexe immobilier mixte de premier ordre situ\u00e9 dans le tr\u00e8s pris\u00e9 8\u1d49 arrondissement de Paris, \u00e0 proximit\u00e9 imm\u00e9diate des Champs-\u00c9lys\u00e9es. R\u00e9nov\u00e9 r\u00e9cemment pour r\u00e9pondre aux normes environnementales modernes, l\u2019immeuble combine architecture historique et technologies de pointe. Il dispose d\u2019une certification BREEAM \u00ab\u202fExcellent\u202f\u00bb.<\/p>\n<p>Avec plus de 20\u202f000\u202fm\u00b2 de surface locative, le bien est compos\u00e9 \u00e0 70\u202f% de bureaux et \u00e0 30\u202f% de commerces haut de gamme, notamment des boutiques de luxe et des restaurants. Les loyers y atteignent entre 1\u202f100 et 1\u202f300\u202f\u20ac\/m\u00b2\/an, bien au-dessus de la moyenne parisienne.<\/p>\n<h3>Pourquoi Blackstone s\u2019y int\u00e9resse<\/h3>\n<p>Blackstone, qui g\u00e8re plus de 1\u202f000\u202fmilliards de dollars d\u2019actifs \u00e0 travers le monde, d\u00e9montre depuis plusieurs ann\u00e9es un int\u00e9r\u00eat strat\u00e9gique pour les actifs immobiliers embl\u00e9matiques en Europe. En plus de diversifier son portefeuille dans la logistique, le r\u00e9sidentiel et les infrastructures, l\u2019entreprise reste attach\u00e9e aux biens immobiliers de prestige dans les grandes capitales.<\/p>\n<p>Paris se distingue comme l\u2019un des rares march\u00e9s europ\u00e9ens o\u00f9 la demande pour des actifs haut de gamme reste forte, gr\u00e2ce \u00e0 une vacance faible, des loyers stables et une offre limit\u00e9e. Pour Blackstone, l\u2019acquisition de ce bien s\u2019inscrit dans une logique de protection contre l\u2019inflation et de renforcement de son ancrage strat\u00e9gique en Europe.<\/p>\n<h3>Une structure d\u2019acquisition optimis\u00e9e<\/h3>\n<p>La transaction, \u00e9valu\u00e9e \u00e0 700\u202fmillions d\u2019euros, pourrait \u00eatre r\u00e9alis\u00e9e via l\u2019acquisition directe de l\u2019actif ou par le rachat de la soci\u00e9t\u00e9 de d\u00e9tention (SPV). Cette seconde option permettrait d\u2019optimiser la fiscalit\u00e9 et de simplifier les aspects juridiques.<\/p>\n<p>L\u2019actuel propri\u00e9taire \u2014 un fonds de pension europ\u00e9en \u2014 envisagerait cette cession pour r\u00e9allouer des capitaux vers des secteurs \u00e0 plus fort rendement, comme les infrastructures ou les investissements alternatifs.<\/p>\n<h3>Des actifs embl\u00e9matiques en tant que valeur refuge<\/h3>\n<p>Les immeubles de prestige comme celui-ci sont consid\u00e9r\u00e9s par les investisseurs institutionnels comme des valeurs refuges en p\u00e9riode d\u2019incertitude \u00e9conomique. Leur valorisation reste stable, ils offrent un flux de revenus fiable et une forte liquidit\u00e9.<\/p>\n<p>Avec une inflation persistante et une politique mon\u00e9taire plus stricte, les investisseurs privil\u00e9gient les biens offrant une s\u00e9curit\u00e9 locative \u00e0 long terme. Ce bien parisien est occup\u00e9 par des locataires de premier ordre \u2014 marques de luxe, groupes internationaux, banques \u2014 garantissant des loyers \u00e9lev\u00e9s et stables.<\/p>\n<h3>Contexte du march\u00e9 immobilier parisien<\/h3>\n<p>D\u2019apr\u00e8s CBRE, le march\u00e9 parisien de l\u2019immobilier commercial a enregistr\u00e9 une hausse de 12\u202f% des volumes d\u2019investissement au 1\u1d49\u02b3 trimestre 2025 par rapport \u00e0 la m\u00eame p\u00e9riode en 2024. Les bureaux et les immeubles \u00e0 usage mixte dans les quartiers centraux attirent particuli\u00e8rement les capitaux.<\/p>\n<p>Dans les zones les plus prestigieuses de Paris, les prix de vente pour les immeubles de classe A atteignent entre 30\u202f000 et 40\u202f000\u202f\u20ac\/m\u00b2. Les rendements se situent entre 3 et 3,5\u202f% \u2014 des niveaux faibles mais compens\u00e9s par la s\u00e9curit\u00e9 et le prestige des actifs.<\/p>\n<h3>Risques \u00e0 consid\u00e9rer<\/h3>\n<p>Malgr\u00e9 les atouts \u00e9vidents de cette op\u00e9ration, plusieurs d\u00e9fis sont \u00e0 anticiper :<\/p>\n<ul>\n<li><strong>Contraintes r\u00e9glementaires<\/strong> : la Ville de Paris a renforc\u00e9 les r\u00e8gles d\u2019usage des b\u00e2timents commerciaux, notamment dans les quartiers historiques<\/li>\n<li><strong>Hausse du co\u00fbt du financement<\/strong> : m\u00eame si Blackstone dispose de ressources importantes, la hausse des taux d\u2019int\u00e9r\u00eat alourdit le co\u00fbt des emprunts<\/li>\n<li><strong>\u00c9volution des usages<\/strong> : la demande de surfaces de bureaux reste influenc\u00e9e par le t\u00e9l\u00e9travail et les mod\u00e8les hybrides<\/li>\n<\/ul>\n<p>N\u00e9anmoins, Blackstone est reconnue pour sa rigueur dans l\u2019analyse et la gestion des risques, ce qui limite les incertitudes sur ce type d\u2019acquisition.<\/p>\n<h3>Un signal fort pour le march\u00e9<\/h3>\n<p>La concr\u00e9tisation de cette op\u00e9ration serait un signal positif pour le march\u00e9 immobilier europ\u00e9en : malgr\u00e9 les incertitudes \u00e9conomiques, les actifs de prestige dans les capitales conservent toute leur attractivit\u00e9.<\/p>\n<p>Elle pourrait \u00e9galement pousser d\u2019autres propri\u00e9taires \u00e0 envisager une cession de leurs actifs \u00e0 des prix \u00e9lev\u00e9s, relan\u00e7ant ainsi l\u2019activit\u00e9 sur le segment haut de gamme.<\/p>\n<h3>Conclusion<\/h3>\n<p>L\u2019op\u00e9ration envisag\u00e9e par Blackstone, \u00e0 hauteur de 700\u202fmillions d\u2019euros, s\u2019annonce comme l\u2019une des transactions embl\u00e9matiques de 2025 dans l\u2019immobilier europ\u00e9en. Dans un contexte d\u2019inflation, d\u2019instabilit\u00e9 g\u00e9opolitique et de resserrement mon\u00e9taire, les investisseurs institutionnels recherchent des actifs s\u00fbrs et bien positionn\u00e9s.<\/p>\n<p>Paris, avec son rayonnement international, son offre limit\u00e9e et sa forte demande, continue de jouer un r\u00f4le central dans la strat\u00e9gie des grands fonds mondiaux. Pour Blackstone, cette acquisition ne serait pas qu\u2019une op\u00e9ration immobili\u00e8re, mais un <strong>investissement strat\u00e9gique de long terme<\/strong>, misant sur la r\u00e9silience, le prestige et la rentabilit\u00e9 durable.<\/p>\n","protected":false},"excerpt":{"rendered":"<p>Le g\u00e9ant am\u00e9ricain de l\u2019investissement Blackstone serait en pourparlers avanc\u00e9s pour acqu\u00e9rir l\u2019un des biens immobiliers&hellip;<\/p>\n","protected":false},"author":5,"featured_media":39782,"comment_status":"open","ping_status":"open","sticky":false,"template":"","format":"standard","meta":{"_lmt_disableupdate":"","_lmt_disable":"","footnotes":""},"categories":[59],"tags":[228],"class_list":["post-39857","post","type-post","status-publish","format-standard","has-post-thumbnail","hentry","category-nouvelles","tag-france-fr"],"_links":{"self":[{"href":"https:\/\/erena.me\/fr\/wp-json\/wp\/v2\/posts\/39857","targetHints":{"allow":["GET"]}}],"collection":[{"href":"https:\/\/erena.me\/fr\/wp-json\/wp\/v2\/posts"}],"about":[{"href":"https:\/\/erena.me\/fr\/wp-json\/wp\/v2\/types\/post"}],"author":[{"embeddable":true,"href":"https:\/\/erena.me\/fr\/wp-json\/wp\/v2\/users\/5"}],"replies":[{"embeddable":true,"href":"https:\/\/erena.me\/fr\/wp-json\/wp\/v2\/comments?post=39857"}],"version-history":[{"count":0,"href":"https:\/\/erena.me\/fr\/wp-json\/wp\/v2\/posts\/39857\/revisions"}],"wp:featuredmedia":[{"embeddable":true,"href":"https:\/\/erena.me\/fr\/wp-json\/wp\/v2\/media\/39782"}],"wp:attachment":[{"href":"https:\/\/erena.me\/fr\/wp-json\/wp\/v2\/media?parent=39857"}],"wp:term":[{"taxonomy":"category","embeddable":true,"href":"https:\/\/erena.me\/fr\/wp-json\/wp\/v2\/categories?post=39857"},{"taxonomy":"post_tag","embeddable":true,"href":"https:\/\/erena.me\/fr\/wp-json\/wp\/v2\/tags?post=39857"}],"curies":[{"name":"wp","href":"https:\/\/api.w.org\/{rel}","templated":true}]}}