{"id":39711,"date":"2025-07-15T20:38:09","date_gmt":"2025-07-15T16:38:09","guid":{"rendered":"https:\/\/erena.me\/?p=39711"},"modified":"2025-07-15T20:38:45","modified_gmt":"2025-07-15T16:38:45","slug":"lue-presse-pour-une-utilisation-plus-rapide-du-fonds-de-relance-pour-les-technologies-vertes","status":"publish","type":"post","link":"https:\/\/erena.me\/fr\/2025\/07\/15\/lue-presse-pour-une-utilisation-plus-rapide-du-fonds-de-relance-pour-les-technologies-vertes\/","title":{"rendered":"L\u2019UE presse pour une utilisation plus rapide du fonds de relance pour les technologies vertes"},"content":{"rendered":"<p>L\u2019Union europ\u00e9enne intensifie la pression sur les \u00c9tats membres pour qu\u2019ils acc\u00e9l\u00e8rent l\u2019utilisation du fonds de relance NextGenerationEU, dot\u00e9 de 806 milliards d\u2019euros, en particulier pour financer les technologies vertes. Face \u00e0 la lenteur de la mise en \u0153uvre, la Commission europ\u00e9enne met en garde : les retards dans les d\u00e9penses compromettent non seulement les objectifs climatiques de l\u2019UE, mais aussi sa comp\u00e9titivit\u00e9 mondiale dans un march\u00e9 des technologies propres en pleine mutation.<\/p>\n<h2>La transition verte comme priorit\u00e9 strat\u00e9gique<\/h2>\n<p>Cr\u00e9\u00e9 en 2020 en r\u00e9ponse \u00e0 la pand\u00e9mie de COVID-19, le fonds NextGenerationEU vise \u00e0 soutenir la reprise \u00e9conomique tout en orientant l\u2019Europe vers la neutralit\u00e9 carbone. Chaque plan national de relance et de r\u00e9silience doit consacrer au moins 37 % de ses fonds \u00e0 des projets \u00e9cologiques, tels que :<\/p>\n<ul>\n<li>le d\u00e9veloppement des \u00e9nergies renouvelables (solaire, \u00e9olien, hydrog\u00e8ne),<\/li>\n<li>la r\u00e9novation \u00e9nerg\u00e9tique des b\u00e2timents,<\/li>\n<li>les transports publics z\u00e9ro \u00e9mission,<\/li>\n<li>l\u2019innovation industrielle durable,<\/li>\n<li>la d\u00e9carbonation des cha\u00eenes d\u2019approvisionnement.<\/li>\n<\/ul>\n<p>Mais \u00e0 la mi-2025, la Commission alerte sur un manque de dynamisme : une large partie des fonds reste inutilis\u00e9e, ce qui met en p\u00e9ril les ambitions climatiques et \u00e9conomiques.<\/p>\n<h2>Qui prend du retard et qui avance\u202f?<\/h2>\n<p>Selon le dernier rapport de la Commission, environ 65 % des fonds allou\u00e9s ont \u00e9t\u00e9 transf\u00e9r\u00e9s aux \u00c9tats membres, mais moins de 40 % ont \u00e9t\u00e9 r\u00e9ellement d\u00e9pens\u00e9s. Des pays comme la Bulgarie, la Slovaquie, la Croatie et la Roumanie figurent parmi les moins avanc\u00e9s, en raison d\u2019obstacles administratifs, de p\u00e9nuries de main-d\u2019\u0153uvre ou d\u2019instabilit\u00e9 politique.<\/p>\n<p>En revanche, l\u2019Allemagne, la France, les Pays-Bas et le Danemark progressent bien. L\u2019Allemagne investit massivement dans les r\u00e9seaux de chaleur et l\u2019hydrog\u00e8ne, tandis que la France mise sur les transports durables et l\u2019efficacit\u00e9 \u00e9nerg\u00e9tique des logements.<\/p>\n<h2>Une surveillance renforc\u00e9e de la Commission<\/h2>\n<p>En juin 2025, la Commission a publi\u00e9 de nouvelles directives avertissant que les \u00c9tats qui n\u2019atteignent pas leurs objectifs pourraient perdre les fonds non utilis\u00e9s. Paolo Gentiloni, commissaire \u00e0 l\u2019\u00c9conomie, a d\u00e9clar\u00e9 :<\/p>\n<blockquote><p>\u00ab Le fonds de relance n\u2019est pas seulement un levier financier \u2014 c\u2019est notre passerelle vers un avenir vert. Chaque retard est une opportunit\u00e9 manqu\u00e9e de renforcer notre autonomie \u00e9nerg\u00e9tique et de cr\u00e9er les emplois de demain. \u00bb<\/p><\/blockquote>\n<p>La Commission envisage \u00e9galement de permettre la r\u00e9allocation des fonds inutilis\u00e9s vers des \u00c9tats membres plus performants, incitant ainsi \u00e0 une mise en \u0153uvre plus rapide.<\/p>\n<h2>Le secteur priv\u00e9 r\u00e9clame des investissements plus rapides<\/h2>\n<p>Les industriels europ\u00e9ens tirent la sonnette d\u2019alarme, d\u2019autant plus que les \u00c9tats-Unis et la Chine intensifient leurs soutiens aux technologies propres. Le plan am\u00e9ricain de r\u00e9duction de l\u2019inflation (Inflation Reduction Act), avec plus de 370 milliards de dollars allou\u00e9s aux technologies vertes, attire d\u00e9j\u00e0 des start-up europ\u00e9ennes.<\/p>\n<p>Les associations europ\u00e9ennes de producteurs d\u2019\u00e9nergie solaire, de batteries et d\u2019\u00e9quipements hydrog\u00e8ne appellent \u00e0 :<\/p>\n<ul>\n<li>un acc\u00e8s simplifi\u00e9 aux financements via des plateformes num\u00e9riques,<\/li>\n<li>une r\u00e9duction des d\u00e9lais d\u2019approbation des projets,<\/li>\n<li>un calendrier clair de d\u00e9caissement,<\/li>\n<li>un soutien accru \u00e0 la production locale de composants.<\/li>\n<\/ul>\n<p>Sans r\u00e9action rapide, l\u2019Europe risque de perdre du terrain dans la course mondiale aux technologies propres.<\/p>\n<h2>Une transition \u00e9cologique juste et \u00e9quitable<\/h2>\n<p>La Commission souligne aussi que la transition verte doit \u00eatre inclusive. Les fonds de relance doivent b\u00e9n\u00e9ficier aux populations vuln\u00e9rables, soutenir les travailleurs des secteurs \u00e0 forte \u00e9mission, et rendre les technologies \u00e9nerg\u00e9tiques accessibles \u00e0 tous.<\/p>\n<p>L\u2019Italie et l\u2019Espagne ont allou\u00e9 une part importante de leurs fonds \u00e0 la r\u00e9novation \u00e9nerg\u00e9tique des logements modestes. Le Portugal a lanc\u00e9 des programmes de \u00ab toits solaires \u00bb pour les logements sociaux. Ces projets visent un \u00e9quilibre entre durabilit\u00e9, \u00e9quit\u00e9 sociale et d\u00e9veloppement \u00e9conomique.<\/p>\n<h2>Comp\u00e9tition technologique mondiale<\/h2>\n<p>La comp\u00e9tition autour des technologies propres est aussi g\u00e9opolitique. Tandis que la Chine domine la production de panneaux solaires et de batteries, et que les \u00c9tats-Unis subventionnent massivement leur industrie verte, l\u2019UE vise le leadership dans l\u2019\u00e9olien offshore, l\u2019hydrog\u00e8ne vert et l\u2019\u00e9conomie circulaire.<\/p>\n<p>Mais sans investissement rapide des fonds de relance, les entreprises europ\u00e9ennes risquent d\u2019\u00eatre distanc\u00e9es. D\u00e9j\u00e0, le manque de capacit\u00e9s de production de composants en Europe limite son autonomie strat\u00e9gique.<\/p>\n<h2>Une question politique br\u00fblante<\/h2>\n<p>\u00c0 l\u2019approche des \u00e9lections europ\u00e9ennes de 2026, les politiques climatiques suscitent des d\u00e9bats. Certains partis conservateurs appellent \u00e0 un assouplissement des contraintes \u00e9cologiques pour favoriser la croissance. La Commission, quant \u00e0 elle, rappelle que la transition verte est un levier de r\u00e9silience \u00e9conomique et non un fardeau.<\/p>\n<p>L\u2019opinion publique reste divis\u00e9e : si une majorit\u00e9 soutient les mesures climatiques, d\u2019autres s\u2019inqui\u00e8tent du co\u00fbt de l\u2019\u00e9nergie ou de la complexit\u00e9 des d\u00e9marches administratives.<\/p>\n<h2>Conclusion<\/h2>\n<p>Le fonds de relance europ\u00e9en repr\u00e9sente une opportunit\u00e9 historique d\u2019acc\u00e9l\u00e9rer la transition \u00e9cologique et de renforcer la souverainet\u00e9 \u00e9conomique de l\u2019UE. Mais pour lib\u00e9rer tout son potentiel, une mise en \u0153uvre rapide, coh\u00e9rente et cibl\u00e9e est indispensable.<\/p>\n<p>Les \u00c9tats membres doivent lever les blocages, hi\u00e9rarchiser les priorit\u00e9s et agir en coordination. C\u2019est \u00e0 ce prix que l\u2019Europe pourra se maintenir dans la course mondiale aux technologies vertes et construire une \u00e9conomie durable et inclusive.<\/p>\n","protected":false},"excerpt":{"rendered":"<p>L\u2019Union europ\u00e9enne intensifie la pression sur les \u00c9tats membres pour qu\u2019ils acc\u00e9l\u00e8rent l\u2019utilisation du fonds de&hellip;<\/p>\n","protected":false},"author":5,"featured_media":40019,"comment_status":"open","ping_status":"open","sticky":false,"template":"","format":"standard","meta":{"_lmt_disableupdate":"","_lmt_disable":"","footnotes":""},"categories":[71],"tags":[144],"class_list":["post-39711","post","type-post","status-publish","format-standard","has-post-thumbnail","hentry","category-informations-fr","tag-guide-fr"],"_links":{"self":[{"href":"https:\/\/erena.me\/fr\/wp-json\/wp\/v2\/posts\/39711","targetHints":{"allow":["GET"]}}],"collection":[{"href":"https:\/\/erena.me\/fr\/wp-json\/wp\/v2\/posts"}],"about":[{"href":"https:\/\/erena.me\/fr\/wp-json\/wp\/v2\/types\/post"}],"author":[{"embeddable":true,"href":"https:\/\/erena.me\/fr\/wp-json\/wp\/v2\/users\/5"}],"replies":[{"embeddable":true,"href":"https:\/\/erena.me\/fr\/wp-json\/wp\/v2\/comments?post=39711"}],"version-history":[{"count":0,"href":"https:\/\/erena.me\/fr\/wp-json\/wp\/v2\/posts\/39711\/revisions"}],"wp:featuredmedia":[{"embeddable":true,"href":"https:\/\/erena.me\/fr\/wp-json\/wp\/v2\/media\/40019"}],"wp:attachment":[{"href":"https:\/\/erena.me\/fr\/wp-json\/wp\/v2\/media?parent=39711"}],"wp:term":[{"taxonomy":"category","embeddable":true,"href":"https:\/\/erena.me\/fr\/wp-json\/wp\/v2\/categories?post=39711"},{"taxonomy":"post_tag","embeddable":true,"href":"https:\/\/erena.me\/fr\/wp-json\/wp\/v2\/tags?post=39711"}],"curies":[{"name":"wp","href":"https:\/\/api.w.org\/{rel}","templated":true}]}}