{"id":25305,"date":"2025-03-07T05:21:21","date_gmt":"2025-03-07T01:21:21","guid":{"rendered":"https:\/\/erena.me\/2025\/03\/07\/le-patrimoine-architectural-de-roubaix-menace-par-le-developpement-urbain\/"},"modified":"2025-03-07T05:22:22","modified_gmt":"2025-03-07T01:22:22","slug":"le-patrimoine-architectural-de-roubaix-menace-par-le-developpement-urbain","status":"publish","type":"post","link":"https:\/\/erena.me\/fr\/2025\/03\/07\/le-patrimoine-architectural-de-roubaix-menace-par-le-developpement-urbain\/","title":{"rendered":"Le patrimoine architectural de Roubaix menac\u00e9 par le d\u00e9veloppement urbain"},"content":{"rendered":"<p>Roubaix, ancien centre textile du nord de la France, poss\u00e8de un riche patrimoine architectural. Cependant, les projets de d\u00e9veloppement moderne menacent d\u00e9sormais de nombreux \u00e9difices historiques. En particulier, les <strong>cour\u00e9es ouvri\u00e8res<\/strong>\u2014des habitations \u00e9troites du XIXe si\u00e8cle\u2014risquent d\u2019\u00eatre d\u00e9molies, suscitant l\u2019inqui\u00e9tude des d\u00e9fenseurs du patrimoine et des habitants.<\/p>\n<h2><strong>Les cour\u00e9es : un h\u00e9ritage du pass\u00e9 industriel de Roubaix<\/strong><\/h2>\n<p>L\u2019un des \u00e9l\u00e9ments architecturaux les plus distinctifs de Roubaix est constitu\u00e9 par les <strong>cour\u00e9es<\/strong>, des rang\u00e9es de petites maisons construites pour les ouvriers du textile durant la R\u00e9volution industrielle. Ces habitations, caract\u00e9ris\u00e9es par leur <strong>structure compacte et leurs cours communes<\/strong>, t\u00e9moignent d\u2019un chapitre important de l\u2019histoire sociale et \u00e9conomique de la ville.<\/p>\n<p>Malheureusement, de nombreuses cour\u00e9es sont aujourd\u2019hui <strong>en mauvais \u00e9tat<\/strong>, et les promoteurs immobiliers les consid\u00e8rent comme des <strong>cibles id\u00e9ales pour la d\u00e9molition<\/strong>, au profit de nouvelles constructions. En 2024, l\u2019organisation europ\u00e9enne du patrimoine <strong>Europa Nostra<\/strong> a inscrit les habitations ouvri\u00e8res de Roubaix-Tourcoing sur sa <strong>liste des 7 sites patrimoniaux les plus menac\u00e9s d\u2019Europe<\/strong>. Cette d\u00e9signation souligne l\u2019urgence de mesures de pr\u00e9servation.<\/p>\n<h2><strong>Pressions \u00e9conomiques et hausse des prix immobiliers<\/strong><\/h2>\n<p>Les projets de r\u00e9novation urbaine \u00e0 Roubaix sont largement <strong>motiv\u00e9s par des consid\u00e9rations \u00e9conomiques<\/strong>. La ville a travers\u00e9 des difficult\u00e9s \u00e9conomiques depuis le d\u00e9clin de son industrie textile, entra\u00eenant des <strong>efforts de revitalisation<\/strong> qui <strong>privil\u00e9gient souvent les nouvelles constructions au d\u00e9triment de la conservation du patrimoine<\/strong>.<\/p>\n<p>Les prix de l\u2019immobilier dans les zones o\u00f9 se trouvent les cour\u00e9es restent <strong>relativement bas<\/strong>, ce qui les rend <strong>attractifs pour les promoteurs<\/strong> cherchant \u00e0 maximiser leurs profits. Cependant, la disparition de ces b\u00e2timents historiques <strong>affaiblit l\u2019identit\u00e9 unique de la ville<\/strong> et risque d\u2019effacer une partie essentielle de son histoire.<\/p>\n<h2><strong>Efforts de pr\u00e9servation et engagement de la communaut\u00e9<\/strong><\/h2>\n<p>Les associations locales et les habitants se mobilisent activement pour <strong>prot\u00e9ger et restaurer<\/strong> les cour\u00e9es. Des experts du patrimoine europ\u00e9en ont exhort\u00e9 les autorit\u00e9s locales \u00e0 <strong>suspendre les projets de d\u00e9molition<\/strong> et \u00e0 r\u00e9aliser des <strong>\u00e9tudes de faisabilit\u00e9<\/strong> en vue de leur pr\u00e9servation.<\/p>\n<p>Des initiatives port\u00e9es par la communaut\u00e9 et des projets de d\u00e9veloppement durable pourraient jouer un r\u00f4le cl\u00e9 dans <strong>la r\u00e9habilitation de ces structures tout en pr\u00e9servant leur int\u00e9grit\u00e9 historique<\/strong>.<\/p>\n<h2><strong>Trouver un \u00e9quilibre entre d\u00e9veloppement et conservation du patrimoine<\/strong><\/h2>\n<p>Les d\u00e9fis auxquels est confront\u00e9e Roubaix illustrent un probl\u00e8me plus vaste : <strong>comment concilier d\u00e9veloppement urbain et pr\u00e9servation du patrimoine<\/strong>. Une planification urbaine durable doit int\u00e9grer <strong>la conservation historique dans les efforts de modernisation<\/strong>.<\/p>\n<p>Parmi les solutions possibles :<br \/>\n\u2705 <strong>Restaurer les cour\u00e9es en logements abordables ou en espaces culturels<\/strong><br \/>\n\u2705 <strong>Int\u00e9grer la conservation du patrimoine dans la r\u00e9glementation de l\u2019urbanisme<\/strong><br \/>\n\u2705 <strong>Encourager des partenariats public-priv\u00e9 pour financer les projets de restauration<\/strong><\/p>\n<h2><strong>Conclusion : l\u2019avenir du patrimoine roubaisien<\/strong><\/h2>\n<p>Roubaix est \u00e0 un tournant d\u00e9cisif. Si le renouvellement \u00e9conomique est essentiel, il ne doit pas se faire <strong>au d\u00e9triment de l\u2019effacement du patrimoine architectural<\/strong>. Une approche collaborative\u2014<strong>impliquant d\u00e9cideurs politiques, d\u00e9fenseurs du patrimoine et habitants<\/strong>\u2014est n\u00e9cessaire pour garantir que l\u2019histoire riche de Roubaix reste un \u00e9l\u00e9ment fondamental de son avenir.<\/p>\n","protected":false},"excerpt":{"rendered":"<p>Roubaix, ancien centre textile du nord de la France, poss\u00e8de un riche patrimoine architectural. Cependant, les&hellip;<\/p>\n","protected":false},"author":7,"featured_media":25163,"comment_status":"open","ping_status":"open","sticky":false,"template":"","format":"standard","meta":{"_lmt_disableupdate":"","_lmt_disable":"","footnotes":""},"categories":[114,71],"tags":[228],"class_list":["post-25305","post","type-post","status-publish","format-standard","has-post-thumbnail","hentry","category-connaissance-de-limmobilier","category-informations-fr","tag-france-fr"],"_links":{"self":[{"href":"https:\/\/erena.me\/fr\/wp-json\/wp\/v2\/posts\/25305","targetHints":{"allow":["GET"]}}],"collection":[{"href":"https:\/\/erena.me\/fr\/wp-json\/wp\/v2\/posts"}],"about":[{"href":"https:\/\/erena.me\/fr\/wp-json\/wp\/v2\/types\/post"}],"author":[{"embeddable":true,"href":"https:\/\/erena.me\/fr\/wp-json\/wp\/v2\/users\/7"}],"replies":[{"embeddable":true,"href":"https:\/\/erena.me\/fr\/wp-json\/wp\/v2\/comments?post=25305"}],"version-history":[{"count":0,"href":"https:\/\/erena.me\/fr\/wp-json\/wp\/v2\/posts\/25305\/revisions"}],"wp:featuredmedia":[{"embeddable":true,"href":"https:\/\/erena.me\/fr\/wp-json\/wp\/v2\/media\/25163"}],"wp:attachment":[{"href":"https:\/\/erena.me\/fr\/wp-json\/wp\/v2\/media?parent=25305"}],"wp:term":[{"taxonomy":"category","embeddable":true,"href":"https:\/\/erena.me\/fr\/wp-json\/wp\/v2\/categories?post=25305"},{"taxonomy":"post_tag","embeddable":true,"href":"https:\/\/erena.me\/fr\/wp-json\/wp\/v2\/tags?post=25305"}],"curies":[{"name":"wp","href":"https:\/\/api.w.org\/{rel}","templated":true}]}}