{"id":50950,"date":"2026-01-27T01:35:08","date_gmt":"2026-01-26T21:35:08","guid":{"rendered":"https:\/\/erena.me\/2026\/01\/27\/por-que-la-gestion-de-the-q-importa-para-el-futuro-urbano-de-nuremberg\/"},"modified":"2026-01-27T01:59:30","modified_gmt":"2026-01-26T21:59:30","slug":"por-que-la-gestion-de-the-q-importa-para-el-futuro-urbano-de-nuremberg","status":"publish","type":"post","link":"https:\/\/erena.me\/es\/2026\/01\/27\/por-que-la-gestion-de-the-q-importa-para-el-futuro-urbano-de-nuremberg\/","title":{"rendered":"Por qu\u00e9 la gesti\u00f3n de The Q importa para el futuro urbano de N\u00faremberg"},"content":{"rendered":"<p>Uno de los proyectos de reconversi\u00f3n urbana m\u00e1s complejos de N\u00faremberg ha entrado en una fase m\u00e1s silenciosa, pero decisiva. Con T\u00dcV S\u00dcD Advimo asumiendo la plena responsabilidad de la gesti\u00f3n inmobiliaria de The Q, el foco se desplaza de los plazos de construcci\u00f3n y las estructuras financieras hacia la operaci\u00f3n a largo plazo. Esta transici\u00f3n indica que The Q ya no se trata como un proyecto en transformaci\u00f3n, sino como una infraestructura llamada a funcionar de forma fiable dentro del sistema administrativo y econ\u00f3mico de la ciudad.<\/p>\n<p>El emplazamiento de la F\u00fcrther Stra\u00dfe arrastra profundas ra\u00edces industriales. Construido en la d\u00e9cada de 1950 como parte del imperio de venta por cat\u00e1logo Quelle, el complejo represent\u00f3 durante a\u00f1os la escala, la eficiencia y la confianza econ\u00f3mica de la posguerra. Cuando los modelos log\u00edsticos evolucionaron y la actividad industrial se traslad\u00f3 a otros lugares, los edificios permanecieron \u2014 grandes, c\u00e9ntricos y cada vez m\u00e1s desvinculados de las necesidades de la ciudad. Durante mucho tiempo, el reto no fue si deb\u00eda reurbanizarse la zona, sino c\u00f3mo hacerlo sin convertirla en otro enclave comercial aislado.<\/p>\n<h2>Reprogramar la escala en lugar de borrarla<\/h2>\n<p>La estrategia de The Q evita deliberadamente un enfoque de borr\u00f3n y cuenta nueva. En lugar de la demolici\u00f3n, las estructuras existentes se est\u00e1n reprogramando en un complejo de uso mixto de aproximadamente 60.000 metros cuadrados, que combina oficinas, comercio, gastronom\u00eda y espacios de acceso p\u00fablico. En el coraz\u00f3n del proyecto se sit\u00faa Stadthaus Q, un nuevo centro administrativo municipal dise\u00f1ado para concentrar departamentos clave de la ciudad que antes estaban dispersos en m\u00faltiples ubicaciones.<\/p>\n<p><img fetchpriority=\"high\" decoding=\"async\" class=\"alignnone size-medium\" src=\"https:\/\/www.accumulata.de\/wp-content\/uploads\/2023\/09\/Impression-Suedfassade-1500x1387.jpg\" width=\"1500\" height=\"1387\" alt=\"\" title=\"-\"><br \/>\n<a href=\"https:\/\/www.accumulata.de\/en\/projects\/the-q\/\" target=\"_blank\" rel=\"noopener\">Fuente<\/a><\/p>\n<p>Este anclaje p\u00fablico redefine de manera fundamental el perfil de riesgo del proyecto. La ocupaci\u00f3n municipal a largo plazo estabiliza la demanda y reconfigura The Q como infraestructura c\u00edvica, en lugar de como una operaci\u00f3n inmobiliaria especulativa. La ambici\u00f3n no es simplemente entregar metros cuadrados, sino reintegrar un antiguo emplazamiento industrial en el funcionamiento cotidiano de la ciudad, tanto en lo econ\u00f3mico como en lo administrativo.<\/p>\n<h2>Por qu\u00e9 la operaci\u00f3n importa ahora m\u00e1s que la arquitectura<\/h2>\n<p>Una vez que desaparecen las gr\u00faas, proyectos como The Q se eval\u00faan menos por su intenci\u00f3n arquitect\u00f3nica y m\u00e1s por su rendimiento diario. Sistemas de calefacci\u00f3n, protocolos de seguridad, ciclos de mantenimiento, eficiencia energ\u00e9tica y coordinaci\u00f3n de los usuarios se convierten en los factores silenciosos que determinan el \u00e9xito o el fracaso.<\/p>\n<p>En esta fase, la gesti\u00f3n inmobiliaria profesional deja de ser un servicio de fondo y pasa a convertirse en la columna vertebral del activo. Aqu\u00ed es donde el papel de T\u00dcV S\u00dcD Advimo se vuelve central. Su mandato abarca tanto la gesti\u00f3n t\u00e9cnica como la comercial, incluidos los sistemas del edificio, la seguridad y el cumplimiento normativo, el rendimiento energ\u00e9tico, las relaciones con los ocupantes y los procesos operativos cotidianos. El objetivo no es solo mantener el complejo en funcionamiento, sino garantizar costes previsibles, continuidad operativa y usabilidad a largo plazo tanto para la administraci\u00f3n p\u00fablica como para los usuarios privados.<\/p>\n<p><img decoding=\"async\" class=\"alignnone size-medium\" src=\"https:\/\/www.accumulata.de\/wp-content\/uploads\/2023\/09\/Impression-Grosser-Innenhof-1500x1387.jpg\" width=\"1500\" height=\"1387\" alt=\"\" title=\"-\"><br \/>\n<a href=\"https:\/\/www.accumulata.de\/en\/projects\/the-q\/\" target=\"_blank\" rel=\"noopener\">Fuente<\/a><\/p>\n<p>Advimo opera dentro del grupo m\u00e1s amplio T\u00dcV S\u00dcD, reconocido internacionalmente por la inspecci\u00f3n, la certificaci\u00f3n y la gesti\u00f3n del riesgo t\u00e9cnico. Este trasfondo aporta a la operaci\u00f3n inmobiliaria una mentalidad orientada al ciclo de vida, que prioriza la resiliencia, el mantenimiento preventivo y la anticipaci\u00f3n regulatoria frente a la optimizaci\u00f3n a corto plazo. Para activos que combinan administraci\u00f3n p\u00fablica, actividad comercial y espacios urbanos abiertos, este enfoque reduce los riesgos operativos a lo largo de d\u00e9cadas, no de a\u00f1os.<\/p>\n<h2>Credibilidad de la recuperaci\u00f3n y lo que representa The Q<\/h2>\n<p>El desarrollo de The Q no ha seguido una trayectoria fluida. Las dificultades financieras y un proceso de insolvencia en 2023 interrumpieron el avance y generaron dudas sobre la viabilidad a largo plazo del proyecto. Reactivar el desarrollo exigi\u00f3 algo m\u00e1s que nueva financiaci\u00f3n; fue necesario un reinicio visible de la gobernanza y de la credibilidad operativa. El nombramiento de un gestor inmobiliario con reconocimiento institucional fue, por tanto, tanto una se\u00f1al como una soluci\u00f3n.<\/p>\n<p><img decoding=\"async\" class=\"alignnone size-medium\" src=\"https:\/\/www.accumulata.de\/wp-content\/uploads\/2023\/09\/7.7.9.9.7-Drohne-Bahnaufgang_%C2%A9pulsschlag-network-GmbH_GERCHGROUP-AG-loRes-loQ-1500x1415.jpg\" width=\"1500\" height=\"1415\" alt=\"\" title=\"-\"><br \/>\n<a href=\"https:\/\/www.accumulata.de\/en\/projects\/the-q\/\" target=\"_blank\" rel=\"noopener\">Fuente<\/a><\/p>\n<p>Los proyectos que emergen de procesos de reestructuraci\u00f3n suelen arrastrar problemas de confianza. La incertidumbre sobre los est\u00e1ndares de mantenimiento, los costes operativos y el compromiso a largo plazo puede persistir mucho despu\u00e9s de que se reanuden las obras. Al situar The Q bajo una gesti\u00f3n profesional, estos riesgos se contienen. Para la ciudad de N\u00faremberg, llamada a convertirse en el inquilino ancla, este cambio reduce tanto la exposici\u00f3n operativa como el riesgo pol\u00edtico, sustituyendo la gesti\u00f3n de crisis por una ocupaci\u00f3n previsible y estable a largo plazo.<\/p>\n<p>M\u00e1s all\u00e1 de N\u00faremberg, The Q refleja un cambio m\u00e1s amplio en la forma en que las ciudades alemanas abordan los grandes proyectos de reconversi\u00f3n. El \u00e9nfasis se desplaza de los hitos constructivos m\u00e1s visibles hacia la gobernanza, la eficiencia operativa y el rendimiento a lo largo del ciclo de vida completo \u2014 una respuesta al aumento de los costes de financiaci\u00f3n y a unos presupuestos p\u00fablicos m\u00e1s ajustados. Las ciudades tienen cada vez menos tolerancia hacia activos que impresionan en la inauguraci\u00f3n, pero resultan caros o poco fiables en su explotaci\u00f3n.<\/p>\n<p>Para N\u00faremberg, The Q es, en \u00faltima instancia, un caso de prueba. Si funciona como se espera, demostrar\u00e1 que el patrimonio industrial puede transformarse en infraestructura c\u00edvica funcional sin convertirse en una carga a largo plazo. Con T\u00dcV S\u00dcD Advimo ahora al frente de la operaci\u00f3n, el proyecto ha superado la fase de reconversi\u00f3n y ha entrado en la etapa m\u00e1s exigente y menos visible de la vida urbana permanente.<\/p>\n","protected":false},"excerpt":{"rendered":"<p>Uno de los proyectos de reconversi\u00f3n urbana m\u00e1s complejos de N\u00faremberg ha entrado en una fase&hellip;<\/p>\n","protected":false},"author":7,"featured_media":50942,"comment_status":"open","ping_status":"open","sticky":false,"template":"","format":"standard","meta":{"_lmt_disableupdate":"","_lmt_disable":"","footnotes":""},"categories":[99],"tags":[154],"class_list":["post-50950","post","type-post","status-publish","format-standard","has-post-thumbnail","hentry","category-analisis-y-pronosticos","tag-alemania"],"_links":{"self":[{"href":"https:\/\/erena.me\/es\/wp-json\/wp\/v2\/posts\/50950","targetHints":{"allow":["GET"]}}],"collection":[{"href":"https:\/\/erena.me\/es\/wp-json\/wp\/v2\/posts"}],"about":[{"href":"https:\/\/erena.me\/es\/wp-json\/wp\/v2\/types\/post"}],"author":[{"embeddable":true,"href":"https:\/\/erena.me\/es\/wp-json\/wp\/v2\/users\/7"}],"replies":[{"embeddable":true,"href":"https:\/\/erena.me\/es\/wp-json\/wp\/v2\/comments?post=50950"}],"version-history":[{"count":0,"href":"https:\/\/erena.me\/es\/wp-json\/wp\/v2\/posts\/50950\/revisions"}],"wp:featuredmedia":[{"embeddable":true,"href":"https:\/\/erena.me\/es\/wp-json\/wp\/v2\/media\/50942"}],"wp:attachment":[{"href":"https:\/\/erena.me\/es\/wp-json\/wp\/v2\/media?parent=50950"}],"wp:term":[{"taxonomy":"category","embeddable":true,"href":"https:\/\/erena.me\/es\/wp-json\/wp\/v2\/categories?post=50950"},{"taxonomy":"post_tag","embeddable":true,"href":"https:\/\/erena.me\/es\/wp-json\/wp\/v2\/tags?post=50950"}],"curies":[{"name":"wp","href":"https:\/\/api.w.org\/{rel}","templated":true}]}}