{"id":49514,"date":"2025-10-21T14:37:42","date_gmt":"2025-10-21T10:37:42","guid":{"rendered":"https:\/\/erena.me\/2025\/10\/21\/rene-benko-condenado-a-dos-anos-de-prision-por-fraude-de-insolvencia-en-el-colapso-de-signa\/"},"modified":"2025-10-21T17:21:22","modified_gmt":"2025-10-21T13:21:22","slug":"rene-benko-condenado-a-dos-anos-de-prision-por-fraude-de-insolvencia-en-el-colapso-de-signa","status":"publish","type":"post","link":"https:\/\/erena.me\/es\/2025\/10\/21\/rene-benko-condenado-a-dos-anos-de-prision-por-fraude-de-insolvencia-en-el-colapso-de-signa\/","title":{"rendered":"Ren\u00e9 Benko condenado a dos a\u00f1os de prisi\u00f3n por fraude de insolvencia en el colapso de Signa"},"content":{"rendered":"<p>El empresario austriaco del sector inmobiliario <strong>Ren\u00e9 Benko<\/strong>, tal como relata <em>Finanz und Wirtschaft<\/em>, fue condenado a <strong>dos a\u00f1os de c\u00e1rcel<\/strong> por un fraude relacionado con su insolvencia. Desde entonces, este magnate ha vivido bajo la sombra de la c\u00e1rcel, y se considera que seguramente cumplir\u00e1 la mayor parte de su condena en su casa. La sentencia de Benko marca el fin del grupo <strong>Signa<\/strong>. El <strong>Tribunal Regional de Innsbruck<\/strong> dict\u00f3 sentencia de culpabilidad por <strong>ocultar bienes personales<\/strong> a lo largo del procedimiento de quiebra.<\/p>\n<h2>Veredicto judicial y hallazgos clave<\/h2>\n<p>El tribunal explic\u00f3 que Benko <strong>transfiri\u00f3 300.000 \u20ac a su madre<\/strong> a finales de 2023, mientras su situaci\u00f3n financiera se deterioraba, con el fin de mantener los fondos fuera del alcance de los acreedores. Fue declarado inocente de un segundo cargo que lo se\u00f1alaba por haber utilizado gran parte del dinero para pagar el alquiler por adelantado.<br \/>\nLa jueza <strong>Andrea Wegscheider<\/strong> calific\u00f3 la transferencia como un \u201cacto r\u00e1pido y deliberado\u201d destinado a mantener alejados a los acreedores.<\/p>\n<p>La sentencia de dos a\u00f1os <strong>entr\u00f3 en vigor de forma inmediata<\/strong>, dado que se le ha abonado el tiempo en prisi\u00f3n preventiva. El fallo ha sido impugnado y, en consecuencia, todav\u00eda no hay una decisi\u00f3n final, seg\u00fan manifestaron las cortes.<\/p>\n<h2>Del imperio a la insolvencia<\/h2>\n<p>Con la ca\u00edda de las acciones de <strong>Signa Holding<\/strong>, la firma de Benko, tambi\u00e9n lleg\u00f3 el final de su amplio imperio inmobiliario. En 2023, la compa\u00f1\u00eda se declar\u00f3 en quiebra y los inversores reclamaron unos <strong>8.400 millones de euros<\/strong>. Los bancos fueron criticados por su excesiva indulgencia. Una crisis de liquidez se ha extendido a muchas divisiones debido a las altas tasas de inter\u00e9s y la contracci\u00f3n de los cr\u00e9ditos.<br \/>\nLas autoridades intentan actualmente <strong>recuperar miles de millones de euros<\/strong> para poder pagar a los acreedores, entre los que se encuentran <strong>aseguradoras alemanas y numerosos bancos europeos<\/strong>.<\/p>\n<h2>S\u00edmbolo del ajuste inmobiliario europeo<\/h2>\n<p>El empresario recientemente condenado encarna las disfunciones de una econom\u00eda endeudada en varios pa\u00edses. Un caso judicial reciente demostr\u00f3 que las transferencias privadas pueden usarse para <strong>defraudar intencionadamente a los acreedores<\/strong>.<br \/>\nLos mercados de valores europeos y el inmobiliario han dejado de ofrecer los retornos racionales por los que fueron famosos durante a\u00f1os, independientemente de la confianza en una correcci\u00f3n de mercado, que ya se comienza a reflejar en este tipo de activos. Por otro lado, otras clases de activos financieros han superado en rendimiento a la propiedad tradicional.<\/p>\n<h2>Repercusiones financieras m\u00e1s amplias<\/h2>\n<p><strong>Signa<\/strong> operaba en Alemania, Austria y Luxemburgo. Los fiscales austriacos investigan a Benko por otros delitos de ocultamiento que incluyen <strong>m\u00e1s de 120.000 euros en efectivo y joyas<\/strong>. Es altamente probable que se a\u00f1adan nuevas condenas que podr\u00edan resultar en <strong>hasta 10 a\u00f1os de c\u00e1rcel<\/strong>.<br \/>\nEl caso ha llevado a los inversionistas y a las autoridades a <strong>recuperar activos transferidos a familiares o allegados<\/strong> durante procesos de quiebra, tanto desde la perspectiva legal como desde la imagen p\u00fablica. Una reciente resoluci\u00f3n resalta la importancia de contener las conductas fraudulentas y de restituir los activos a sus propietarios leg\u00edtimos.<\/p>\n<h2>Cambios estructurales en el mercado inmobiliario europeo<\/h2>\n<p>La ca\u00edda de Benko marca un <strong>cambio fundamental en la financiaci\u00f3n inmobiliaria europea<\/strong>. La alta tasa de dep\u00f3sito del <strong>Banco Central Europeo (4%)<\/strong> oblig\u00f3 a los bancos a reducir dr\u00e1sticamente los pr\u00e9stamos y favoreci\u00f3 el auge de los <strong>fondos de cr\u00e9dito privado<\/strong>.<br \/>\nEl aumento del coste del capital y la dependencia de la refinanciaci\u00f3n obligan a los promotores a aceptar <strong>condiciones crediticias mucho m\u00e1s estrictas<\/strong>.<br \/>\n<strong>Austria<\/strong> ha propuesto nuevas regulaciones para <strong>hacer m\u00e1s transparentes las operaciones empresariales complejas y opacas<\/strong> para el p\u00fablico y los contribuyentes.<\/p>\n<h2>Lecciones del sector e impacto a largo plazo<\/h2>\n<p>El desplome de <strong>Signa<\/strong> en 2023 cambi\u00f3 la percepci\u00f3n de los inversores sobre el mercado. En la actualidad, el foco est\u00e1 puesto en la <strong>gesti\u00f3n del capital, la deuda y la gobernanza corporativa<\/strong>.<br \/>\nBancos y prestamistas eval\u00faan su exposici\u00f3n al riesgo crediticio para evitar futuros impagos y <em><strong>fomentar una financiaci\u00f3n m\u00e1s responsable<\/strong><\/em>.<br \/>\n<strong>Ren\u00e9 Benko<\/strong>, anta\u00f1o famoso por \u201crevitalizar\u201d distritos europeos, se ha convertido en un <strong>s\u00edmbolo del exceso corporativo<\/strong> y de una <strong>era de dinero f\u00e1cil<\/strong> que probablemente ha llegado a su fin.<\/p>\n<h2>Perspectiva final<\/h2>\n<p>La condena de un empresario austriaco no solo afecta su vida personal, sino que <strong>evidencia una crisis estructural<\/strong> en su sector. Ha puesto de manifiesto las debilidades de las <strong>transacciones financieras europeas<\/strong> y la necesidad de incrementar los controles.<br \/>\nA medida que el <strong>mercado inmobiliario europeo<\/strong> entra en una fase de correcci\u00f3n, <strong>los pilares que impulsaron su crecimiento se est\u00e1n derrumbando<\/strong>, y el temor a un ajuste importante domina el panorama.<\/p>\n","protected":false},"excerpt":{"rendered":"<p>El empresario austriaco del sector inmobiliario Ren\u00e9 Benko, tal como relata Finanz und Wirtschaft, fue condenado&hellip;<\/p>\n","protected":false},"author":7,"featured_media":49509,"comment_status":"open","ping_status":"open","sticky":false,"template":"","format":"standard","meta":{"_lmt_disableupdate":"","_lmt_disable":"","footnotes":""},"categories":[57],"tags":[534],"class_list":["post-49514","post","type-post","status-publish","format-standard","has-post-thumbnail","hentry","category-noticias","tag-noticias"],"_links":{"self":[{"href":"https:\/\/erena.me\/es\/wp-json\/wp\/v2\/posts\/49514","targetHints":{"allow":["GET"]}}],"collection":[{"href":"https:\/\/erena.me\/es\/wp-json\/wp\/v2\/posts"}],"about":[{"href":"https:\/\/erena.me\/es\/wp-json\/wp\/v2\/types\/post"}],"author":[{"embeddable":true,"href":"https:\/\/erena.me\/es\/wp-json\/wp\/v2\/users\/7"}],"replies":[{"embeddable":true,"href":"https:\/\/erena.me\/es\/wp-json\/wp\/v2\/comments?post=49514"}],"version-history":[{"count":0,"href":"https:\/\/erena.me\/es\/wp-json\/wp\/v2\/posts\/49514\/revisions"}],"wp:featuredmedia":[{"embeddable":true,"href":"https:\/\/erena.me\/es\/wp-json\/wp\/v2\/media\/49509"}],"wp:attachment":[{"href":"https:\/\/erena.me\/es\/wp-json\/wp\/v2\/media?parent=49514"}],"wp:term":[{"taxonomy":"category","embeddable":true,"href":"https:\/\/erena.me\/es\/wp-json\/wp\/v2\/categories?post=49514"},{"taxonomy":"post_tag","embeddable":true,"href":"https:\/\/erena.me\/es\/wp-json\/wp\/v2\/tags?post=49514"}],"curies":[{"name":"wp","href":"https:\/\/api.w.org\/{rel}","templated":true}]}}