{"id":47550,"date":"2025-09-10T09:49:23","date_gmt":"2025-09-10T05:49:23","guid":{"rendered":"https:\/\/erena.me\/?p=47550"},"modified":"2025-09-10T10:09:30","modified_gmt":"2025-09-10T06:09:30","slug":"el-capital-institucional-se-expande-en-la-vivienda-europea-mientras-disminuye-la-accesibilidad","status":"publish","type":"post","link":"https:\/\/erena.me\/es\/2025\/09\/10\/el-capital-institucional-se-expande-en-la-vivienda-europea-mientras-disminuye-la-accesibilidad\/","title":{"rendered":"El capital institucional se expande en la vivienda europea mientras disminuye la accesibilidad"},"content":{"rendered":"<p>Los inversores institucionales est\u00e1n consolidando su presencia en el mercado de la vivienda europeo justo cuando las presiones sobre la accesibilidad se intensifican. Seg\u00fan JLL, el sector \u201cliving\u201d \u2014que abarca multifamiliares, alquiler de viviendas unifamiliares, residencias de estudiantes y para mayores\u2014 represent\u00f3 <strong>el 26 % de toda la inversi\u00f3n inmobiliaria en 2024<\/strong>, superando a las oficinas como el mayor segmento. La demanda sigue siendo s\u00f3lida en 2025 con el regreso de operaciones de cartera y una prioridad creciente hacia flujos de caja estables.<\/p>\n<h2>Los flujos de capital se fortalecen en 2025<\/h2>\n<p>El impulso continu\u00f3 en 2025. JLL informa que en el <strong>2\u00ba trimestre de 2025<\/strong> el capital invertido en activos residenciales alcanz\u00f3 <strong>13.500 millones de \u20ac<\/strong>, un <strong>35 % m\u00e1s que en el 1\u00ba trimestre<\/strong> y un <strong>2 % interanual<\/strong>. Esto elev\u00f3 el volumen del primer semestre a <strong>23.500 millones de \u20ac<\/strong>, un <strong>7 % m\u00e1s en comparaci\u00f3n con el 1\u00ba semestre de 2024<\/strong>. Llama la atenci\u00f3n que <strong>el 72 % de este capital se destin\u00f3 a activos en explotaci\u00f3n<\/strong>, lo que refleja la preferencia por ingresos inmediatos frente al riesgo de desarrollo.<\/p>\n<p>El crecimiento demogr\u00e1fico respalda esta resiliencia. JLL estima que las <strong>15 ciudades m\u00e1s grandes de Europa a\u00f1adir\u00e1n 1,14 millones de residentes para 2030<\/strong>, mientras que las nuevas construcciones se mantienen muy por debajo de la demanda debido a los altos costes de construcci\u00f3n, la escasez de mano de obra y las limitaciones de financiaci\u00f3n. Este desequilibrio mantiene elevadas las tasas de ocupaci\u00f3n y en alza los alquileres, caracter\u00edsticas que atraen capital a largo plazo como fondos de pensiones y aseguradoras.<\/p>\n<h2>Precios y alquileres al alza<\/h2>\n<p>Eurostat confirma la ampliaci\u00f3n de la brecha de accesibilidad. En el <strong>1\u00ba trimestre de 2025<\/strong>, los precios de la vivienda en la UE aumentaron un <strong>5,7 % interanual<\/strong>, mientras que los alquileres subieron un <strong>3,2 %<\/strong>. En comparaci\u00f3n con el 4\u00ba trimestre de 2024, los precios avanzaron un <strong>1,4 %<\/strong> y los alquileres un <strong>0,9 %<\/strong>. Desde 2010, el crecimiento acumulado alcanza el <strong>+57,9 % en los precios de la vivienda<\/strong> y el <strong>+27,8 % en los alquileres<\/strong>.<\/p>\n<p>La financiaci\u00f3n hipotecaria sigue siendo costosa pese a haberse moderado desde los picos de 2023. El <strong>Banco Central Europeo<\/strong> inform\u00f3 que en <strong>julio de 2025<\/strong> el tipo medio de los nuevos pr\u00e9stamos hipotecarios se situ\u00f3 en <strong>3,28 %<\/strong>, con contratos fijos que, seg\u00fan el plazo, oscilan entre <strong>3,1\u20133,5 %<\/strong>. El BCE se\u00f1ala que la accesibilidad de la vivienda <em>\u00absolo se ha recuperado parcialmente\u00bb<\/em> desde los a\u00f1os de crisis y se mantiene por debajo de los niveles previos a 2021.<\/p>\n<h2>Panor\u00e1mica de mercados locales<\/h2>\n<p><strong>Barcelona.<\/strong> El crecimiento de los alquileres es pronunciado. Seg\u00fan Idealista, en marzo de 2025 el alquiler medio ofertado fue de <strong>23,6 \u20ac\/m\u00b2 al mes<\/strong>, un <strong>13,5 % m\u00e1s interanual<\/strong>. Los precios de venta var\u00edan seg\u00fan el distrito, con las zonas prime registrando una prima significativa frente al mercado general.<\/p>\n<p><strong>Mil\u00e1n.<\/strong> Los precios medios de venta en el mercado general se sit\u00faan entre <strong>5.400\u20135.800 \u20ac\/m\u00b2<\/strong>, seg\u00fan portales inmobiliarios italianos. En los distritos prime como Quadrilatero y Brera superan habitualmente los <strong>12.000 \u20ac\/m\u00b2<\/strong>, lo que subraya la fuerte demanda internacional de activos de prestigio.<\/p>\n<h2>La regulaci\u00f3n influye en los rendimientos<\/h2>\n<p>Los responsables pol\u00edticos en Europa est\u00e1n endureciendo las normas para equilibrar accesibilidad y oferta, aunque los enfoques difieren.<\/p>\n<ul>\n<li><strong>Alemania.<\/strong> La <strong>Mietpreisbremse<\/strong> limita los nuevos alquileres en zonas tensionadas a <strong>no m\u00e1s del 10 % por encima del \u00edndice de referencia local<\/strong>. Su aplicaci\u00f3n var\u00eda, pero el tope ha ralentizado los incrementos en Berl\u00edn y M\u00fanich.<\/li>\n<li><strong>Francia.<\/strong> Desde <strong>enero de 2025<\/strong>, los propietarios no pueden alquilar viviendas con <strong>certificado energ\u00e9tico G (DPE)<\/strong>. Tambi\u00e9n se aplica un congelamiento de rentas para inmuebles de baja eficiencia, lo que obliga a reformar pero reduce la oferta a corto plazo.<\/li>\n<li><strong>Espa\u00f1a.<\/strong> La <strong>Ley de Vivienda de 2023<\/strong> permite topes de alquiler en zonas \u201ctensionadas\u201d. Catalu\u00f1a aplic\u00f3 el marco en 2024, abarcando inicialmente 140 municipios y m\u00e1s tarde m\u00e1s de 270. La aplicaci\u00f3n sigue siendo desigual, lo que genera incertidumbre para los inversores.<\/li>\n<\/ul>\n<p>Estas pol\u00edticas fragmentadas a\u00f1aden complejidad a las carteras transfronterizas, pero no han frenado el flujo de capital hacia el sector residencial europeo.<\/p>\n<h2>Por qu\u00e9 las instituciones se mantienen optimistas<\/h2>\n<p>Varios fundamentos explican el apetito sostenido:<\/p>\n<ol>\n<li><strong>Escasez cr\u00f3nica de oferta.<\/strong> El crecimiento de la demanda supera la entrega, dejando una cartera limitada.<\/li>\n<li><strong>Ingresos estables.<\/strong> Los alquileres siguen la inflaci\u00f3n y las tasas de ocupaci\u00f3n en las grandes ciudades superan a menudo el <strong>95 %<\/strong>, garantizando retornos fiables.<\/li>\n<li><strong>Retorno de la liquidez.<\/strong> Con la estabilizaci\u00f3n de la pol\u00edtica monetaria, regresan las grandes operaciones de cartera, aportando escala y eficiencia.<\/li>\n<li><strong>Alineaci\u00f3n ESG.<\/strong> Los nuevos desarrollos ofrecen oportunidades para invertir capital verde en viviendas energ\u00e9ticamente eficientes.<\/li>\n<\/ol>\n<p>Para los inversores, los activos residenciales proporcionan diversificaci\u00f3n frente a segmentos m\u00e1s vol\u00e1tiles como oficinas y comercios, y se ajustan a estructuras de compromisos a largo plazo.<\/p>\n<h2>Perspectivas: los hogares bajo presi\u00f3n<\/h2>\n<p>El <strong>BCE<\/strong> advierte que la breve desaceleraci\u00f3n del mercado de la vivienda en Europa ha dado paso a nuevas presiones sobre los precios, intensificando las preocupaciones sobre la accesibilidad. A menos que la construcci\u00f3n se acelere, se espera que la relaci\u00f3n alquiler-ingreso en las capitales siga aumentando en 2026. El aumento de los costes amenaza con avivar el debate pol\u00edtico, con gobiernos que consideran m\u00e1s topes de alquiler, subsidios y marcos de derechos de vivienda.<\/p>\n<p>Para las instituciones, sin embargo, los fundamentos siguen siendo favorables: oferta limitada, flujos de caja confiables y una clase de activos cada vez m\u00e1s madura y l\u00edquida. La divisi\u00f3n es clara: para los inversores, el mercado de la vivienda europea representa una oportunidad resiliente; para los hogares, el riesgo de mayor desigualdad, a menos que las pol\u00edticas p\u00fablicas y el capital privado confluyan para ofrecer m\u00e1s viviendas \u2014y m\u00e1s sostenibles\u2014.<\/p>\n<blockquote><p><em>\u00abLa pol\u00edtica monetaria puede hacer que la vivienda sea mucho m\u00e1s o mucho menos asequible, principalmente a trav\u00e9s de su impacto en los tipos hipotecarios.\u00bb<\/em> \u2014 Banco Central Europeo<\/p><\/blockquote>\n","protected":false},"excerpt":{"rendered":"<p>Los inversores institucionales est\u00e1n consolidando su presencia en el mercado de la vivienda europeo justo cuando&hellip;<\/p>\n","protected":false},"author":3,"featured_media":47454,"comment_status":"open","ping_status":"open","sticky":false,"template":"","format":"standard","meta":{"_lmt_disableupdate":"","_lmt_disable":"","footnotes":""},"categories":[99],"tags":[154,171,232],"class_list":["post-47550","post","type-post","status-publish","format-standard","has-post-thumbnail","hentry","category-analisis-y-pronosticos","tag-alemania","tag-espana","tag-francia-es"],"_links":{"self":[{"href":"https:\/\/erena.me\/es\/wp-json\/wp\/v2\/posts\/47550","targetHints":{"allow":["GET"]}}],"collection":[{"href":"https:\/\/erena.me\/es\/wp-json\/wp\/v2\/posts"}],"about":[{"href":"https:\/\/erena.me\/es\/wp-json\/wp\/v2\/types\/post"}],"author":[{"embeddable":true,"href":"https:\/\/erena.me\/es\/wp-json\/wp\/v2\/users\/3"}],"replies":[{"embeddable":true,"href":"https:\/\/erena.me\/es\/wp-json\/wp\/v2\/comments?post=47550"}],"version-history":[{"count":0,"href":"https:\/\/erena.me\/es\/wp-json\/wp\/v2\/posts\/47550\/revisions"}],"wp:featuredmedia":[{"embeddable":true,"href":"https:\/\/erena.me\/es\/wp-json\/wp\/v2\/media\/47454"}],"wp:attachment":[{"href":"https:\/\/erena.me\/es\/wp-json\/wp\/v2\/media?parent=47550"}],"wp:term":[{"taxonomy":"category","embeddable":true,"href":"https:\/\/erena.me\/es\/wp-json\/wp\/v2\/categories?post=47550"},{"taxonomy":"post_tag","embeddable":true,"href":"https:\/\/erena.me\/es\/wp-json\/wp\/v2\/tags?post=47550"}],"curies":[{"name":"wp","href":"https:\/\/api.w.org\/{rel}","templated":true}]}}