{"id":42091,"date":"2025-07-21T19:59:54","date_gmt":"2025-07-21T15:59:54","guid":{"rendered":"https:\/\/erena.me\/?p=42091"},"modified":"2025-07-21T20:04:04","modified_gmt":"2025-07-21T16:04:04","slug":"como-los-muebles-multifuncionales-se-volvieron-esenciales-en-los-apartamentos-urbanos-compactos","status":"publish","type":"post","link":"https:\/\/erena.me\/es\/2025\/07\/21\/como-los-muebles-multifuncionales-se-volvieron-esenciales-en-los-apartamentos-urbanos-compactos\/","title":{"rendered":"C\u00f3mo los muebles multifuncionales se volvieron esenciales en los apartamentos urbanos compactos"},"content":{"rendered":"<p>En las principales ciudades de Europa, el espacio habitable se reduce mientras aumentan los precios del alquiler y las expectativas de funcionalidad en el hogar. En este contexto, <strong>los muebles multifuncionales<\/strong> han pasado de ser un lujo o una curiosidad de dise\u00f1o a convertirse en una <strong>soluci\u00f3n esencial<\/strong> para millones de residentes urbanos que buscan aprovechar al m\u00e1ximo cada metro cuadrado.<\/p>\n<h2>La vida urbana y la reducci\u00f3n del espacio<\/h2>\n<p>Seg\u00fan datos de Eurostat, la superficie promedio de los apartamentos en ciudades europeas como Par\u00eds, Berl\u00edn, \u00c1msterdam y Barcelona ha disminuido notablemente en los \u00faltimos a\u00f1os. En Par\u00eds, por ejemplo, los nuevos apartamentos rara vez superan los <strong>55 m\u00b2<\/strong>, mientras que en \u00c1msterdam y Berl\u00edn rondan los <strong>58\u201360 m\u00b2<\/strong>. Esta reducci\u00f3n, impulsada por el aumento de la demanda, los precios del suelo y la planificaci\u00f3n urbana, ha hecho que <strong>el mobiliario convencional resulte insuficiente<\/strong> para las necesidades actuales.<\/p>\n<h2>\u00bfQu\u00e9 son los muebles multifuncionales?<\/h2>\n<p>Se trata de muebles dise\u00f1ados para cumplir <strong>m\u00e1s de una funci\u00f3n<\/strong>, combinando practicidad, dise\u00f1o y, a menudo, almacenamiento adicional. Algunos de los modelos m\u00e1s comunes incluyen:<\/p>\n<ul>\n<li><strong>Sof\u00e1s cama<\/strong>: ideales para salas peque\u00f1as que tambi\u00e9n funcionan como dormitorios.<\/li>\n<li><strong>Mesas plegables o extensibles<\/strong>: que se transforman en escritorios, mesas de comedor o estanter\u00edas.<\/li>\n<li><strong>Camas con almacenamiento integrado<\/strong>: mediante cajones o sistemas elevables.<\/li>\n<li><strong>Escritorios montados en pared o abatibles<\/strong>: para crear espacios de teletrabajo sin ocupar espacio fijo.<\/li>\n<li><strong>Pufs, bancos y taburetes con compartimentos interiores<\/strong>.<\/li>\n<\/ul>\n<p>Los modelos m\u00e1s innovadores incluso incluyen <strong>puertos USB, luces LED integradas<\/strong>, m\u00f3dulos con ruedas y dise\u00f1o inteligente.<\/p>\n<h2>Aumento de la demanda en Europa<\/h2>\n<p>El mercado europeo de muebles multifuncionales ha experimentado un crecimiento sostenido. Seg\u00fan Statista, el segmento creci\u00f3 un <strong>12 % en 2024<\/strong>, con mayor demanda en:<\/p>\n<ul>\n<li><strong>Francia<\/strong>: especialmente en Par\u00eds y Lyon.<\/li>\n<li><strong>Pa\u00edses Bajos<\/strong>: donde ciudades como Utrecht y La Haya promueven viviendas compactas.<\/li>\n<li><strong>Alemania<\/strong>: Berl\u00edn y Hamburgo impulsan el \u201cmicro living\u201d.<\/li>\n<li><strong>Italia y Espa\u00f1a<\/strong>: donde los cascos antiguos limitan las renovaciones estructurales y se favorece el uso eficiente del espacio.<\/li>\n<\/ul>\n<h3>Precios promedio (2025):<\/h3>\n<ul>\n<li>Sof\u00e1s cama de calidad: <strong>\u20ac600 a \u20ac1.500<\/strong><\/li>\n<li>Camas con almacenamiento: <strong>\u20ac500 a \u20ac1.200<\/strong><\/li>\n<li>Mesas plegables de pared: <strong>\u20ac300 a \u20ac800<\/strong><\/li>\n<li>Sistemas modulares con m\u00faltiples usos: <strong>desde \u20ac900<\/strong><\/li>\n<\/ul>\n<h2>Marcas l\u00edderes y soluciones creativas<\/h2>\n<p>Varias marcas han apostado fuerte por el dise\u00f1o multifuncional:<\/p>\n<ul>\n<li><strong>IKEA<\/strong>: con l\u00edneas como BRIMNES y LINNMON.<\/li>\n<li><strong>BoConcept<\/strong> (Dinamarca): dise\u00f1os minimalistas de alta gama.<\/li>\n<li><strong>Resource Furniture<\/strong> (Italia\/EE.UU.): muebles de lujo transformables.<\/li>\n<li><strong>LAGO<\/strong> (Italia): estructuras suspendidas y adaptables.<\/li>\n<li><strong>Muji<\/strong> (Jap\u00f3n): soluciones compactas, cada vez m\u00e1s presentes en el mercado europeo.<\/li>\n<\/ul>\n<p>Tambi\u00e9n han ganado terreno los <strong>proyectos personalizados<\/strong> y el <strong>mobiliario a medida<\/strong>, adaptado a espacios muy espec\u00edficos.<\/p>\n<h2>Sostenibilidad y tecnolog\u00eda integrada<\/h2>\n<p>Los consumidores valoran cada vez m\u00e1s la <strong>durabilidad y el respeto al medioambiente<\/strong>. Por ello, muchas empresas dise\u00f1an muebles con:<\/p>\n<ul>\n<li><strong>Materiales reciclados o reciclables<\/strong><\/li>\n<li><strong>Componentes modulares reutilizables<\/strong><\/li>\n<li><strong>Mecanismos silenciosos y resistentes<\/strong><\/li>\n<\/ul>\n<p>Adem\u00e1s, la tecnolog\u00eda se incorpora con fuerza: <strong>mesas con carga inal\u00e1mbrica, camas con control remoto, m\u00f3dulos dom\u00f3ticos<\/strong>, etc.<\/p>\n<h2>Ventajas en el d\u00eda a d\u00eda<\/h2>\n<p>El mobiliario multifuncional mejora significativamente la <strong>calidad de vida urbana<\/strong>. Beneficia especialmente a:<\/p>\n<ul>\n<li><strong>Teletrabajadores<\/strong>: que necesitan un despacho oculto al terminar la jornada.<\/li>\n<li><strong>Estudiantes y j\u00f3venes profesionales<\/strong>: con viviendas peque\u00f1as pero con m\u00faltiples necesidades.<\/li>\n<li><strong>Personas mayores<\/strong>: que buscan viviendas m\u00e1s pr\u00e1cticas y accesibles.<\/li>\n<li><strong>Propietarios e inversores<\/strong>: que desean aumentar la rentabilidad del alquiler o el valor del inmueble.<\/li>\n<\/ul>\n<h2>Una inversi\u00f3n rentable para propietarios<\/h2>\n<p>Equipar una vivienda de alquiler con muebles transformables puede:<\/p>\n<ul>\n<li>Aumentar su <strong>valor percibido<\/strong><\/li>\n<li>Facilitar el alquiler a <strong>inquilinos exigentes o con necesidades cambiantes<\/strong><\/li>\n<li>Diferenciarse en el competitivo mercado de estudios y pisos peque\u00f1os<\/li>\n<\/ul>\n<p>En ciudades como Madrid, Mil\u00e1n o \u00c1msterdam, un apartamento de <strong>30\u201335 m\u00b2<\/strong> con muebles bien integrados puede alquilarse entre <strong>\u20ac1.000 y \u20ac1.500 mensuales<\/strong>, frente a los \u20ac800 promedio sin equipamiento especial.<\/p>\n<h2>Casos reales en ciudades europeas<\/h2>\n<ul>\n<li><strong>Par\u00eds<\/strong>: armarios-cama y cocinas modulares en estudios de 20 m\u00b2 en el distrito 11.<\/li>\n<li><strong>Berl\u00edn<\/strong>: desarrollos nuevos con muebles integrados de serie.<\/li>\n<li><strong>Mil\u00e1n<\/strong>: camas transformables en literas y separadores de ambientes m\u00f3viles.<\/li>\n<li><strong>Barcelona<\/strong>: apartamentos tur\u00edsticos con mobiliario plegable y multifunci\u00f3n.<\/li>\n<\/ul>\n<h2>El futuro de la vivienda urbana<\/h2>\n<p>La tendencia apunta a <strong>hogares adaptables, inteligentes y sostenibles<\/strong>. En un mismo espacio deben convivir el descanso, el trabajo, el ocio y la interacci\u00f3n social.<\/p>\n<h3>Tendencias en alza:<\/h3>\n<ul>\n<li><strong>Sistemas de almacenamiento verticales y ocultos<\/strong><\/li>\n<li><strong>Muebles para balcones y terrazas que se transforman<\/strong><\/li>\n<li><strong>Dise\u00f1os tecnol\u00f3gicos conectados a apps<\/strong><\/li>\n<li><strong>Dise\u00f1o circular<\/strong> para facilitar el reciclaje y la reutilizaci\u00f3n<\/li>\n<\/ul>\n<h2>Conclusi\u00f3n<\/h2>\n<p>Los muebles multifuncionales ya no son una opci\u00f3n decorativa, sino una <strong>herramienta esencial para enfrentar los desaf\u00edos del urbanismo moderno<\/strong>. Permiten aprovechar al m\u00e1ximo espacios reducidos, mejoran la comodidad y aportan valor a\u00f1adido a cualquier vivienda.<\/p>\n<p><strong>En resumen:<\/strong><\/p>\n<ul>\n<li>El espacio urbano es cada vez m\u00e1s limitado<\/li>\n<li>El mobiliario multifuncional responde a la necesidad de adaptabilidad<\/li>\n<li>Marcas y dise\u00f1adores innovan con soluciones sostenibles y tecnol\u00f3gicas<\/li>\n<li>Inversores y propietarios pueden aumentar ingresos y atractivo del inmueble<\/li>\n<li>Vivir bien en espacios peque\u00f1os es posible \u2014 si el dise\u00f1o acompa\u00f1a<\/li>\n<\/ul>\n<p>Europa avanza hacia una vida urbana <strong>compacta, eficiente y transformable<\/strong>, donde cada mueble cumple m\u00e1s de una funci\u00f3n \u2014 y cada metro cuadrado cuenta.<\/p>\n","protected":false},"excerpt":{"rendered":"<p>En las principales ciudades de Europa, el espacio habitable se reduce mientras aumentan los precios del&hellip;<\/p>\n","protected":false},"author":5,"featured_media":41767,"comment_status":"open","ping_status":"open","sticky":false,"template":"","format":"standard","meta":{"_lmt_disableupdate":"","_lmt_disable":"","footnotes":""},"categories":[70],"tags":[148],"class_list":["post-42091","post","type-post","status-publish","format-standard","has-post-thumbnail","hentry","category-informaciones","tag-guia"],"_links":{"self":[{"href":"https:\/\/erena.me\/es\/wp-json\/wp\/v2\/posts\/42091","targetHints":{"allow":["GET"]}}],"collection":[{"href":"https:\/\/erena.me\/es\/wp-json\/wp\/v2\/posts"}],"about":[{"href":"https:\/\/erena.me\/es\/wp-json\/wp\/v2\/types\/post"}],"author":[{"embeddable":true,"href":"https:\/\/erena.me\/es\/wp-json\/wp\/v2\/users\/5"}],"replies":[{"embeddable":true,"href":"https:\/\/erena.me\/es\/wp-json\/wp\/v2\/comments?post=42091"}],"version-history":[{"count":0,"href":"https:\/\/erena.me\/es\/wp-json\/wp\/v2\/posts\/42091\/revisions"}],"wp:featuredmedia":[{"embeddable":true,"href":"https:\/\/erena.me\/es\/wp-json\/wp\/v2\/media\/41767"}],"wp:attachment":[{"href":"https:\/\/erena.me\/es\/wp-json\/wp\/v2\/media?parent=42091"}],"wp:term":[{"taxonomy":"category","embeddable":true,"href":"https:\/\/erena.me\/es\/wp-json\/wp\/v2\/categories?post=42091"},{"taxonomy":"post_tag","embeddable":true,"href":"https:\/\/erena.me\/es\/wp-json\/wp\/v2\/tags?post=42091"}],"curies":[{"name":"wp","href":"https:\/\/api.w.org\/{rel}","templated":true}]}}