{"id":41880,"date":"2025-07-18T13:48:01","date_gmt":"2025-07-18T09:48:01","guid":{"rendered":"https:\/\/erena.me\/?p=41880"},"modified":"2025-07-18T13:52:30","modified_gmt":"2025-07-18T09:52:30","slug":"la-reforma-urbanistica-despierta-preocupaciones-sobre-expropiaciones-en-las-palmas","status":"publish","type":"post","link":"https:\/\/erena.me\/es\/2025\/07\/18\/la-reforma-urbanistica-despierta-preocupaciones-sobre-expropiaciones-en-las-palmas\/","title":{"rendered":"La reforma urban\u00edstica despierta preocupaciones sobre expropiaciones en Las Palmas"},"content":{"rendered":"<p>Una reciente reforma urban\u00edstica propuesta por el Ayuntamiento de Las Palmas de Gran Canaria ha generado inquietud entre propietarios, arrendadores e inversores. Mientras las autoridades locales defienden la necesidad de modernizar la ciudad y hacerla m\u00e1s habitable y sostenible, crece el temor a posibles expropiaciones, p\u00e9rdida de valor patrimonial y restricciones de uso en determinadas zonas.<\/p>\n<p>El caso se ha convertido en un s\u00edmbolo de una tensi\u00f3n creciente en muchas ciudades europeas: c\u00f3mo equilibrar el inter\u00e9s p\u00fablico con los derechos de propiedad privada.<\/p>\n<h2>\u00bfQu\u00e9 contempla la reforma?<\/h2>\n<p>La reforma impulsada por el \u00e1rea de Urbanismo del consistorio busca reorganizar amplias zonas urbanas, con especial \u00e9nfasis en los barrios m\u00e1s densos y con infraestructuras obsoletas. Los principales puntos del plan incluyen:<\/p>\n<ul>\n<li><strong>Reconfiguraci\u00f3n del viario urbano<\/strong> para priorizar peatones y bicicletas<\/li>\n<li><strong>Creaci\u00f3n de corredores verdes y nuevos espacios p\u00fablicos<\/strong><\/li>\n<li><strong>Restricciones a la altura y densidad de edificaci\u00f3n<\/strong><\/li>\n<li><strong>Zonas de inter\u00e9s p\u00fablico<\/strong>, susceptibles de expropiaci\u00f3n r\u00e1pida en casos espec\u00edficos<\/li>\n<li><strong>Medidas ambientales<\/strong>, como zonas de bajas emisiones y limitaci\u00f3n del tr\u00e1fico en el casco antiguo<\/li>\n<\/ul>\n<p>Desde el Ayuntamiento se asegura que el objetivo es hacer de Las Palmas una ciudad m\u00e1s saludable, accesible y resiliente frente al cambio clim\u00e1tico.<\/p>\n<h2>Preocupaciones de los propietarios<\/h2>\n<p>Sin embargo, muchos vecinos temen que estas reformas puedan tener consecuencias perjudiciales para su patrimonio. Entre las principales inquietudes figuran:<\/p>\n<ul>\n<li><strong>Falta de claridad jur\u00eddica<\/strong> sobre qu\u00e9 zonas ser\u00e1n declaradas de inter\u00e9s p\u00fablico<\/li>\n<li><strong>Incertidumbre sobre los criterios de expropiaci\u00f3n y compensaci\u00f3n<\/strong><\/li>\n<li><strong>P\u00e9rdida de valor de mercado<\/strong> para viviendas ubicadas en \u00e1reas afectadas<\/li>\n<li><strong>Impacto negativo en peque\u00f1os negocios<\/strong> que podr\u00edan verse obligados a reubicarse<\/li>\n<\/ul>\n<p>Mar\u00eda L\u00f3pez, propietaria de una vivienda en el barrio de Vega de San Jos\u00e9, comenta:<\/p>\n<blockquote><p>&#8220;Llevamos d\u00e9cadas viviendo aqu\u00ed. Ahora nos dicen que la zona puede ser redise\u00f1ada, y tememos perder lo que es nuestro sin una compensaci\u00f3n justa.&#8221;<\/p><\/blockquote>\n<h2>Impacto en el mercado inmobiliario<\/h2>\n<p>Seg\u00fan la consultora <em>Canaria Inversi\u00f3n Urbana<\/em>, la compraventa de viviendas en las zonas afectadas por la reforma descendi\u00f3 un 22\u202f% durante el primer semestre de 2025 en comparaci\u00f3n con el mismo per\u00edodo de 2024. En barrios como La Isleta y San Nicol\u00e1s, los precios han ca\u00eddo entre un 8 y un 12\u202f%.<\/p>\n<p>Adem\u00e1s, muchos inversores han paralizado sus operaciones por temor a cambios regulatorios y de uso del suelo. <em>Grupo Atl\u00e1ntico Real<\/em> estima que cerca del 30\u202f% de las inversiones previstas en el centro hist\u00f3rico han sido canceladas o aplazadas.<\/p>\n<h2>Opini\u00f3n de los expertos<\/h2>\n<p>Urbanistas y analistas se\u00f1alan que la modernizaci\u00f3n urbana es esencial para el desarrollo de ciudades sostenibles, pero alertan de que debe realizarse con <strong>marcos legales claros<\/strong> y <strong>mecanismos de compensaci\u00f3n justos<\/strong>.<\/p>\n<p>Juan P\u00e9rez, profesor de urbanismo en la Universidad de Las Palmas, explica:<\/p>\n<blockquote><p>&#8220;No se puede transformar una ciudad ignorando los derechos de quienes viven en ella. La falta de participaci\u00f3n ciudadana y la ambig\u00fcedad legal pueden convertir una reforma necesaria en una fuente de conflicto social.&#8221;<\/p><\/blockquote>\n<h2>Acciones legales y presi\u00f3n ciudadana<\/h2>\n<p>En respuesta a la incertidumbre generada, varias asociaciones de propietarios han comenzado a movilizarse. Bufetes como <em>LexCan Abogados<\/em> est\u00e1n preparando recursos judiciales ante lo que consideran una <strong>potencial vulneraci\u00f3n del derecho a la propiedad<\/strong> consagrado en la Constituci\u00f3n Espa\u00f1ola y en tratados europeos.<\/p>\n<p>Los puntos que m\u00e1s se est\u00e1n impugnando son:<\/p>\n<ul>\n<li>Ambig\u00fcedad en la delimitaci\u00f3n de zonas de inter\u00e9s p\u00fablico<\/li>\n<li>Falta de audiencias p\u00fablicas o consulta vecinal<\/li>\n<li>Posible insuficiencia de las compensaciones previstas<\/li>\n<li>Amenazas al tejido econ\u00f3mico local, especialmente en sectores comerciales y tur\u00edsticos<\/li>\n<\/ul>\n<p>Algunos vecinos ya han solicitado la <strong>suspensi\u00f3n cautelar<\/strong> de partes del plan urban\u00edstico.<\/p>\n<h2>Respuesta institucional<\/h2>\n<p>El alcalde Alejandro Ram\u00edrez asegur\u00f3 en rueda de prensa en junio de 2025 que:<\/p>\n<blockquote><p>&#8220;Nadie ser\u00e1 desalojado sin garant\u00edas ni compensaciones justas. Esta reforma no es para expulsar, sino para revitalizar.&#8221;<\/p><\/blockquote>\n<p>Asimismo, se comprometi\u00f3 a estudiar f\u00f3rmulas como el <strong>intercambio de suelos<\/strong>, <strong>ayudas a la rehabilitaci\u00f3n<\/strong> y <strong>di\u00e1logo permanente con los afectados<\/strong>. No obstante, a\u00fan no se han publicado medidas concretas ni calendario de aplicaci\u00f3n.<\/p>\n<h2>Evoluci\u00f3n de los precios inmobiliarios<\/h2>\n<p>En julio de 2025, el precio medio por metro cuadrado en zonas afectadas ronda los 1.600\u20131.800\u202f\u20ac, frente a los 2.200\u20132.400\u202f\u20ac del a\u00f1o anterior. En contraste, barrios no incluidos en la reforma, como Tafira o Ciudad Alta, mantienen valores estables de entre 2.400 y 2.600\u202f\u20ac\/m\u00b2 y una demanda creciente (+17\u202f% interanual).<\/p>\n<p>Los alquileres tambi\u00e9n muestran signos de debilidad en las zonas con incertidumbre urban\u00edstica, con aumentos en los per\u00edodos de vacancia y ajustes en los precios.<\/p>\n<h2>Una lecci\u00f3n para Europa<\/h2>\n<p>Lo que ocurre en Las Palmas es representativo de un dilema que enfrentan muchas ciudades europeas: <strong>c\u00f3mo hacer las urbes m\u00e1s sostenibles sin erosionar la seguridad jur\u00eddica<\/strong> y los derechos fundamentales de los ciudadanos.<\/p>\n<p>Casos similares se han registrado en Berl\u00edn, \u00c1msterdam, Par\u00eds y Barcelona, donde planes de transformaci\u00f3n urbana han provocado disputas similares entre administraciones p\u00fablicas y propietarios.<\/p>\n<h2>Conclusi\u00f3n<\/h2>\n<p>La reforma urban\u00edstica de Las Palmas tiene objetivos loables: sostenibilidad, movilidad, recuperaci\u00f3n de espacio p\u00fablico y modernizaci\u00f3n. Sin embargo, sin <strong>transparencia normativa<\/strong>, <strong>compensaciones adecuadas<\/strong> y <strong>participaci\u00f3n ciudadana real<\/strong>, corre el riesgo de generar m\u00e1s problemas que soluciones.<\/p>\n<p>Para que esta transformaci\u00f3n sea un ejemplo positivo, deber\u00e1 apoyarse en el di\u00e1logo, el respeto por los derechos adquiridos y una visi\u00f3n urbana inclusiva. Solo as\u00ed Las Palmas podr\u00e1 posicionarse como modelo de regeneraci\u00f3n urbana equilibrada y justa en Europa.<\/p>\n","protected":false},"excerpt":{"rendered":"<p>Una reciente reforma urban\u00edstica propuesta por el Ayuntamiento de Las Palmas de Gran Canaria ha generado&hellip;<\/p>\n","protected":false},"author":5,"featured_media":41780,"comment_status":"open","ping_status":"open","sticky":false,"template":"","format":"standard","meta":{"_lmt_disableupdate":"","_lmt_disable":"","footnotes":""},"categories":[70],"tags":[171],"class_list":["post-41880","post","type-post","status-publish","format-standard","has-post-thumbnail","hentry","category-informaciones","tag-espana"],"_links":{"self":[{"href":"https:\/\/erena.me\/es\/wp-json\/wp\/v2\/posts\/41880","targetHints":{"allow":["GET"]}}],"collection":[{"href":"https:\/\/erena.me\/es\/wp-json\/wp\/v2\/posts"}],"about":[{"href":"https:\/\/erena.me\/es\/wp-json\/wp\/v2\/types\/post"}],"author":[{"embeddable":true,"href":"https:\/\/erena.me\/es\/wp-json\/wp\/v2\/users\/5"}],"replies":[{"embeddable":true,"href":"https:\/\/erena.me\/es\/wp-json\/wp\/v2\/comments?post=41880"}],"version-history":[{"count":0,"href":"https:\/\/erena.me\/es\/wp-json\/wp\/v2\/posts\/41880\/revisions"}],"wp:featuredmedia":[{"embeddable":true,"href":"https:\/\/erena.me\/es\/wp-json\/wp\/v2\/media\/41780"}],"wp:attachment":[{"href":"https:\/\/erena.me\/es\/wp-json\/wp\/v2\/media?parent=41880"}],"wp:term":[{"taxonomy":"category","embeddable":true,"href":"https:\/\/erena.me\/es\/wp-json\/wp\/v2\/categories?post=41880"},{"taxonomy":"post_tag","embeddable":true,"href":"https:\/\/erena.me\/es\/wp-json\/wp\/v2\/tags?post=41880"}],"curies":[{"name":"wp","href":"https:\/\/api.w.org\/{rel}","templated":true}]}}