{"id":41278,"date":"2025-07-19T13:49:14","date_gmt":"2025-07-19T09:49:14","guid":{"rendered":"https:\/\/erena.me\/?p=41278"},"modified":"2025-07-19T13:53:36","modified_gmt":"2025-07-19T09:53:36","slug":"comienza-la-venta-por-insolvencia-de-la-torre-trianon-en-francfort-tras-una-deuda-de-370-millones-de-euros","status":"publish","type":"post","link":"https:\/\/erena.me\/es\/2025\/07\/19\/comienza-la-venta-por-insolvencia-de-la-torre-trianon-en-francfort-tras-una-deuda-de-370-millones-de-euros\/","title":{"rendered":"Comienza la venta por insolvencia de la torre Trianon en Fr\u00e1ncfort tras una deuda de 370 millones de euros"},"content":{"rendered":"<p>Se ha iniciado oficialmente el proceso de venta forzosa de la torre Trianon, uno de los rascacielos de oficinas m\u00e1s emblem\u00e1ticos de Fr\u00e1ncfort, tras la incapacidad de sus propietarios para hacer frente a una deuda de <strong>370 millones de euros<\/strong>. Esta operaci\u00f3n, una de las m\u00e1s destacadas del sector inmobiliario comercial europeo en 2025, refleja la creciente presi\u00f3n sobre el mercado de oficinas en Alemania, afectado por la subida de los tipos de inter\u00e9s, la ca\u00edda del valor de los activos y la transformaci\u00f3n estructural de la demanda.<\/p>\n<h3>Un icono arquitect\u00f3nico en el centro financiero<\/h3>\n<p>La torre Trianon, de <strong>45 plantas<\/strong> y aproximadamente <strong>65.000 metros cuadrados<\/strong> de superficie alquilable, se sit\u00faa en pleno distrito financiero de Fr\u00e1ncfort. Desde su construcci\u00f3n en 1993, ha albergado a prestigiosos inquilinos del mundo bancario, legal y consultor.<\/p>\n<p>En 2019, el activo fue adquirido por la firma de inversi\u00f3n con sede en Singapur <strong>Asia Pacific Land (APL)<\/strong> por un precio aproximado de <strong>670 millones de euros<\/strong>, incluyendo la deuda. La operaci\u00f3n se realiz\u00f3 con un consorcio liderado por <strong>NorthStar Realty Europe<\/strong> y <strong>Madison International Realty<\/strong>.<\/p>\n<h3>Una deuda insostenible de 370 millones de euros<\/h3>\n<p>En 2025, el entorno financiero cambi\u00f3 radicalmente. Con el tipo de inter\u00e9s del BCE en <strong>4,25\u202f%<\/strong>, el coste de la financiaci\u00f3n aument\u00f3 dr\u00e1sticamente. Al mismo tiempo, se redujeron los ingresos por alquileres y el valor de mercado del activo cay\u00f3, lo que impidi\u00f3 su refinanciaci\u00f3n. Ante esta situaci\u00f3n, se activ\u00f3 el procedimiento formal de insolvencia y el inmueble pas\u00f3 a estar gestionado por administradores concursales.<\/p>\n<p>La deuda, que supera los <strong>370 millones de euros<\/strong>, est\u00e1 repartida entre varios prestamistas, incluidos <strong>Deutsche Pfandbriefbank (PBB)<\/strong> y <strong>Helaba<\/strong>. La imposibilidad de vender el activo al valor previo aceler\u00f3 el proceso de liquidaci\u00f3n mediante subasta.<\/p>\n<h3>Un activo atractivo \u2014 con descuento<\/h3>\n<p>A pesar de las dificultades financieras, la torre Trianon sigue siendo un activo interesante para inversores con apetito por propiedades en situaci\u00f3n de distress. Se espera que el precio de venta est\u00e9 entre <strong>400 y 450 millones de euros<\/strong>, lo que representa un <strong>descuento de m\u00e1s del 30\u202f%<\/strong> respecto a su valor de adquisici\u00f3n en 2019.<\/p>\n<p>Entre los interesados se encuentran fondos como <strong>Blackstone<\/strong>, <strong>Brookfield<\/strong>, <strong>Carlyle<\/strong> y <strong>Henderson Park<\/strong>, todos ellos con experiencia en la reestructuraci\u00f3n de activos inmobiliarios comerciales a gran escala en Europa.<\/p>\n<h3>Ocupaci\u00f3n y rentabilidad actual<\/h3>\n<p>A mediados de 2025, la torre presenta un nivel de ocupaci\u00f3n del <strong>70\u202f%<\/strong>, con inquilinos como:<\/p>\n<ul>\n<li><strong>DekaBank<\/strong>, uno de los principales gestores de activos de Alemania<\/li>\n<li>El despacho internacional <strong>Baker McKenzie<\/strong><\/li>\n<li>Varias firmas de consultor\u00eda y tecnolog\u00eda de tama\u00f1o medio<\/li>\n<\/ul>\n<p>Los alquileres se han reducido: de los <strong>45 \u20ac\/m\u00b2 al mes<\/strong> previos a la pandemia, ahora oscilan entre <strong>32 y 38 \u20ac\/m\u00b2<\/strong>. El ingreso bruto anual estimado se sit\u00faa entre <strong>22 y 25 millones de euros<\/strong>, cifra insuficiente para cubrir los costes del servicio de la deuda actual.<\/p>\n<h3>El mercado de oficinas en Fr\u00e1ncfort bajo presi\u00f3n<\/h3>\n<p>El caso de la torre Trianon se enmarca en un contexto m\u00e1s amplio de tensiones en el mercado de oficinas alem\u00e1n. Seg\u00fan <strong>JLL<\/strong>, el volumen de inversiones en este segmento ha ca\u00eddo m\u00e1s de un <strong>40\u202f%<\/strong> en la primera mitad de 2025 en comparaci\u00f3n con el a\u00f1o anterior.<\/p>\n<p>Factores clave:<\/p>\n<ul>\n<li><strong>Subida del coste de financiaci\u00f3n<\/strong><\/li>\n<li><strong>Aumento de vacantes<\/strong>, especialmente en edificios antiguos sin certificaci\u00f3n ESG<\/li>\n<li><strong>Transformaci\u00f3n del uso del espacio<\/strong>, con auge del trabajo h\u00edbrido y remoto<\/li>\n<li><strong>Regulaciones m\u00e1s estrictas<\/strong> en sostenibilidad y eficiencia energ\u00e9tica<\/li>\n<\/ul>\n<p>Esta combinaci\u00f3n de factores ha provocado que incluso activos de alta gama se consideren riesgosos, impulsando el inter\u00e9s por operaciones de recuperaci\u00f3n o reposicionamiento.<\/p>\n<h3>Escenarios posibles para el futuro del activo<\/h3>\n<p>El comprador de la torre podr\u00eda optar por varias estrategias:<\/p>\n<ul>\n<li><strong>Rehabilitaci\u00f3n integral con criterios ESG<\/strong>, para mejorar la eficiencia energ\u00e9tica y atraer nuevos inquilinos<\/li>\n<li><strong>Conversi\u00f3n parcial a uso mixto<\/strong>, integrando espacios residenciales u hoteleros<\/li>\n<li><strong>Venta por unidades (strata title)<\/strong> a m\u00faltiples propietarios<\/li>\n<li><strong>Estrategia de espera<\/strong>, manteniendo el activo hasta que el mercado se recupere<\/li>\n<\/ul>\n<p>Se estima que las inversiones necesarias para la modernizaci\u00f3n estar\u00e1n entre <strong>30 y 60 millones de euros<\/strong>, seg\u00fan el alcance de las reformas.<\/p>\n<h3>Implicaciones estrat\u00e9gicas<\/h3>\n<p>La venta por insolvencia de la torre Trianon marca un antes y un despu\u00e9s en el mercado de oficinas prime de Alemania. Si bien estos activos eran considerados refugios seguros, ahora se enfrentan a riesgos de refinanciaci\u00f3n, presi\u00f3n regulatoria y p\u00e9rdida de rentabilidad.<\/p>\n<p>Sin embargo, para los inversores con liquidez, este puede ser un momento id\u00f3neo para adquirir un edificio emblem\u00e1tico a una fracci\u00f3n de su valor hist\u00f3rico, con perspectivas de revalorizaci\u00f3n a medio plazo.<\/p>\n<h3>Conclusi\u00f3n<\/h3>\n<p>La venta forzosa de la torre Trianon es uno de los acontecimientos m\u00e1s destacados del sector inmobiliario europeo en 2025. Con una deuda de <strong>370 millones de euros<\/strong>, ca\u00edda de ingresos y condiciones financieras adversas, incluso los activos m\u00e1s prestigiosos se ven afectados.<\/p>\n<p>Para los inversores preparados, la operaci\u00f3n representa una oportunidad \u00fanica para entrar en el mercado de oficinas de Fr\u00e1ncfort \u2014uno de los centros financieros m\u00e1s relevantes de Europa\u2014 con condiciones de adquisici\u00f3n altamente favorables. El resultado de esta venta podr\u00eda marcar el tono del reajuste en curso en el mercado y definir qui\u00e9nes ser\u00e1n los ganadores en la nueva era del real estate corporativo.<\/p>\n","protected":false},"excerpt":{"rendered":"<p>Se ha iniciado oficialmente el proceso de venta forzosa de la torre Trianon, uno de los&hellip;<\/p>\n","protected":false},"author":5,"featured_media":40940,"comment_status":"open","ping_status":"open","sticky":false,"template":"","format":"standard","meta":{"_lmt_disableupdate":"","_lmt_disable":"","footnotes":""},"categories":[57],"tags":[154],"class_list":["post-41278","post","type-post","status-publish","format-standard","has-post-thumbnail","hentry","category-noticias","tag-alemania"],"_links":{"self":[{"href":"https:\/\/erena.me\/es\/wp-json\/wp\/v2\/posts\/41278","targetHints":{"allow":["GET"]}}],"collection":[{"href":"https:\/\/erena.me\/es\/wp-json\/wp\/v2\/posts"}],"about":[{"href":"https:\/\/erena.me\/es\/wp-json\/wp\/v2\/types\/post"}],"author":[{"embeddable":true,"href":"https:\/\/erena.me\/es\/wp-json\/wp\/v2\/users\/5"}],"replies":[{"embeddable":true,"href":"https:\/\/erena.me\/es\/wp-json\/wp\/v2\/comments?post=41278"}],"version-history":[{"count":0,"href":"https:\/\/erena.me\/es\/wp-json\/wp\/v2\/posts\/41278\/revisions"}],"wp:featuredmedia":[{"embeddable":true,"href":"https:\/\/erena.me\/es\/wp-json\/wp\/v2\/media\/40940"}],"wp:attachment":[{"href":"https:\/\/erena.me\/es\/wp-json\/wp\/v2\/media?parent=41278"}],"wp:term":[{"taxonomy":"category","embeddable":true,"href":"https:\/\/erena.me\/es\/wp-json\/wp\/v2\/categories?post=41278"},{"taxonomy":"post_tag","embeddable":true,"href":"https:\/\/erena.me\/es\/wp-json\/wp\/v2\/tags?post=41278"}],"curies":[{"name":"wp","href":"https:\/\/api.w.org\/{rel}","templated":true}]}}