{"id":39861,"date":"2025-07-15T20:50:07","date_gmt":"2025-07-15T16:50:07","guid":{"rendered":"https:\/\/erena.me\/?p=39861"},"modified":"2025-07-15T20:52:59","modified_gmt":"2025-07-15T16:52:59","slug":"blackstone-apunta-a-una-operacion-emblematica-en-paris-por-700-millones-de-euros","status":"publish","type":"post","link":"https:\/\/erena.me\/es\/2025\/07\/15\/blackstone-apunta-a-una-operacion-emblematica-en-paris-por-700-millones-de-euros\/","title":{"rendered":"Blackstone apunta a una operaci\u00f3n emblem\u00e1tica en Par\u00eds por 700 millones de euros"},"content":{"rendered":"<p>El gigante estadounidense de inversiones Blackstone est\u00e1 en negociaciones avanzadas para adquirir una de las propiedades comerciales m\u00e1s prestigiosas de Par\u00eds, en una operaci\u00f3n que podr\u00eda superar los 700 millones de euros. Si se concreta, esta transacci\u00f3n se convertir\u00eda en una de las m\u00e1s importantes de 2025 en la capital francesa, consolidando la posici\u00f3n estrat\u00e9gica de Blackstone en el mercado inmobiliario europeo y subrayando el continuo inter\u00e9s de los inversores internacionales en activos de alta calidad en las principales ciudades del continente.<\/p>\n<h3>El activo y su importancia estrat\u00e9gica<\/h3>\n<p>Seg\u00fan fuentes cercanas a la negociaci\u00f3n, el activo en cuesti\u00f3n es una propiedad de uso mixto de primer nivel ubicada en el octavo distrito de Par\u00eds, a pocos pasos de los Campos El\u00edseos. El edificio ha sido renovado recientemente bajo los m\u00e1s altos est\u00e1ndares de sostenibilidad y cuenta con la certificaci\u00f3n BREEAM \u201cExcellent\u201d, combinando arquitectura hist\u00f3rica con tecnolog\u00eda moderna.<\/p>\n<p>La propiedad dispone de m\u00e1s de 20.000 metros cuadrados de superficie alquilable, de los cuales aproximadamente el 70\u202f% corresponde a oficinas y el 30\u202f% a comercios de lujo y gastronom\u00eda. Los alquileres oscilan entre los 1.100 y los 1.300 euros por metro cuadrado al a\u00f1o, superando la media del mercado parisino.<\/p>\n<h3>\u00bfPor qu\u00e9 Blackstone est\u00e1 interesada?<\/h3>\n<p>Con m\u00e1s de un bill\u00f3n de d\u00f3lares en activos bajo gesti\u00f3n, Blackstone ha demostrado durante a\u00f1os un inter\u00e9s estrat\u00e9gico por los llamados \u201ctrophy assets\u201d en Europa. Aunque en los \u00faltimos a\u00f1os ha diversificado hacia log\u00edstica, residencial e infraestructuras, las propiedades de alto valor en capitales clave siguen siendo pilares fundamentales de su estrategia.<\/p>\n<p>Par\u00eds se destaca como uno de los pocos mercados europeos donde la demanda de activos prime sigue siendo fuerte, impulsada por bajas tasas de vacancia, rentas estables y una oferta limitada. Para Blackstone, esta adquisici\u00f3n representa tanto una cobertura frente a la inflaci\u00f3n como un paso clave para reforzar su presencia en Europa.<\/p>\n<h3>Estructura y desarrollo de la operaci\u00f3n<\/h3>\n<p>La operaci\u00f3n podr\u00eda estructurarse como una compra directa del activo o a trav\u00e9s de la adquisici\u00f3n de la sociedad tenedora (SPV), lo cual permitir\u00eda mayor eficiencia fiscal y simplificaci\u00f3n legal.<\/p>\n<p>El actual propietario \u2014presuntamente un fondo de pensiones europeo\u2014 busca vender el activo para reinvertir en sectores con mayores rendimientos, como infraestructuras o inversiones alternativas.<\/p>\n<h3>Activos de prestigio como refugio ante la inflaci\u00f3n<\/h3>\n<p>Los inmuebles de prestigio como este son considerados por los inversores institucionales como refugios seguros en tiempos de incertidumbre econ\u00f3mica. Ofrecen estabilidad de valor, ingresos predecibles y alta liquidez.<\/p>\n<p>Con la inflaci\u00f3n y las tasas de inter\u00e9s a\u00fan elevadas en Europa, muchos inversores priorizan activos con inquilinos s\u00f3lidos y contratos a largo plazo. En este caso, los inquilinos incluyen marcas internacionales, entidades financieras y empresas del sector lujo, lo que asegura un flujo constante y estable de ingresos.<\/p>\n<h3>Contexto del mercado inmobiliario parisino<\/h3>\n<p>Seg\u00fan CBRE, el mercado inmobiliario comercial de Par\u00eds registr\u00f3 un aumento del 12\u202f% en el volumen de inversi\u00f3n durante el primer trimestre de 2025 en comparaci\u00f3n con el a\u00f1o anterior. Aunque la actividad general del mercado de oficinas es moderada, el segmento premium en el centro de la ciudad sigue destacando.<\/p>\n<p>Los precios de venta de activos prime en el centro de Par\u00eds suelen oscilar entre los 30.000 y los 40.000 euros por metro cuadrado. Las rentabilidades (yields) para este tipo de propiedades se sit\u00faan entre el 3\u202f% y el 3,5\u202f%, niveles bajos que reflejan su seguridad y exclusividad.<\/p>\n<h3>Riesgos y factores a considerar<\/h3>\n<p>Aunque la operaci\u00f3n es atractiva, existen ciertos desaf\u00edos potenciales:<\/p>\n<ul>\n<li><strong>Regulaci\u00f3n<\/strong>: las autoridades parisinas han endurecido las normativas sobre el uso de edificios comerciales, especialmente en zonas hist\u00f3ricas.<\/li>\n<li><strong>Costes de financiaci\u00f3n<\/strong>: a pesar de la s\u00f3lida posici\u00f3n financiera de Blackstone, el contexto de tasas elevadas puede impactar los m\u00e1rgenes.<\/li>\n<li><strong>Tendencias de uso del espacio<\/strong>: el auge del teletrabajo y los modelos h\u00edbridos podr\u00edan reducir la demanda de grandes superficies de oficinas en el futuro.<\/li>\n<\/ul>\n<p>Aun as\u00ed, Blackstone es reconocida por su rigurosa due diligence y experiencia en la gesti\u00f3n de riesgos, lo que le permite navegar estos desaf\u00edos con eficacia.<\/p>\n<h3>Implicaciones para el mercado<\/h3>\n<p>La concreci\u00f3n de esta operaci\u00f3n enviar\u00eda una se\u00f1al positiva al mercado: los activos de calidad en capitales europeas siguen siendo altamente valorados. Adem\u00e1s, podr\u00eda establecer nuevos puntos de referencia en precios, impulsando a otros propietarios a considerar ventas a precios premium.<\/p>\n<p>La entrada de un actor global como Blackstone en este tipo de operaci\u00f3n puede revitalizar el segmento de alta gama y aumentar la confianza de otros inversores.<\/p>\n<h3>Conclusi\u00f3n<\/h3>\n<p>La adquisici\u00f3n prevista por parte de Blackstone de un activo emblem\u00e1tico en Par\u00eds por 700 millones de euros promete ser una de las operaciones m\u00e1s destacadas del sector inmobiliario europeo en 2025. En un entorno marcado por la inflaci\u00f3n, la inestabilidad y la pol\u00edtica monetaria restrictiva, los inversores buscan seguridad y calidad a largo plazo.<\/p>\n<p>Par\u00eds, con su prestigio global, escasez de espacio premium y demanda sostenida, sigue atrayendo capital internacional. Para Blackstone, esta compra no es s\u00f3lo una operaci\u00f3n estrat\u00e9gica, sino una apuesta a largo plazo por la estabilidad, el prestigio y la rentabilidad del mercado inmobiliario europeo.<\/p>\n","protected":false},"excerpt":{"rendered":"<p>El gigante estadounidense de inversiones Blackstone est\u00e1 en negociaciones avanzadas para adquirir una de las propiedades&hellip;<\/p>\n","protected":false},"author":5,"featured_media":39786,"comment_status":"open","ping_status":"open","sticky":false,"template":"","format":"standard","meta":{"_lmt_disableupdate":"","_lmt_disable":"","footnotes":""},"categories":[57],"tags":[232],"class_list":["post-39861","post","type-post","status-publish","format-standard","has-post-thumbnail","hentry","category-noticias","tag-francia-es"],"_links":{"self":[{"href":"https:\/\/erena.me\/es\/wp-json\/wp\/v2\/posts\/39861","targetHints":{"allow":["GET"]}}],"collection":[{"href":"https:\/\/erena.me\/es\/wp-json\/wp\/v2\/posts"}],"about":[{"href":"https:\/\/erena.me\/es\/wp-json\/wp\/v2\/types\/post"}],"author":[{"embeddable":true,"href":"https:\/\/erena.me\/es\/wp-json\/wp\/v2\/users\/5"}],"replies":[{"embeddable":true,"href":"https:\/\/erena.me\/es\/wp-json\/wp\/v2\/comments?post=39861"}],"version-history":[{"count":0,"href":"https:\/\/erena.me\/es\/wp-json\/wp\/v2\/posts\/39861\/revisions"}],"wp:featuredmedia":[{"embeddable":true,"href":"https:\/\/erena.me\/es\/wp-json\/wp\/v2\/media\/39786"}],"wp:attachment":[{"href":"https:\/\/erena.me\/es\/wp-json\/wp\/v2\/media?parent=39861"}],"wp:term":[{"taxonomy":"category","embeddable":true,"href":"https:\/\/erena.me\/es\/wp-json\/wp\/v2\/categories?post=39861"},{"taxonomy":"post_tag","embeddable":true,"href":"https:\/\/erena.me\/es\/wp-json\/wp\/v2\/tags?post=39861"}],"curies":[{"name":"wp","href":"https:\/\/api.w.org\/{rel}","templated":true}]}}