{"id":39715,"date":"2025-07-15T20:38:09","date_gmt":"2025-07-15T16:38:09","guid":{"rendered":"https:\/\/erena.me\/?p=39715"},"modified":"2025-07-15T20:46:55","modified_gmt":"2025-07-15T16:46:55","slug":"la-ue-insiste-en-acelerar-el-gasto-del-fondo-de-recuperacion-para-tecnologias-verdes","status":"publish","type":"post","link":"https:\/\/erena.me\/es\/2025\/07\/15\/la-ue-insiste-en-acelerar-el-gasto-del-fondo-de-recuperacion-para-tecnologias-verdes\/","title":{"rendered":"La UE insiste en acelerar el gasto del fondo de recuperaci\u00f3n para tecnolog\u00edas verdes"},"content":{"rendered":"<p>La Uni\u00f3n Europea est\u00e1 intensificando su presi\u00f3n sobre los Estados miembros para que aceleren el uso del fondo de recuperaci\u00f3n NextGenerationEU, dotado con \u20ac806\u202fmil millones, con el fin de impulsar inversiones en tecnolog\u00edas verdes. La Comisi\u00f3n Europea ha advertido que los retrasos en la ejecuci\u00f3n ponen en peligro no solo los objetivos clim\u00e1ticos del bloque, sino tambi\u00e9n su competitividad global en el emergente mercado de tecnolog\u00eda limpia.<\/p>\n<h2>La transici\u00f3n verde como prioridad estrat\u00e9gica<\/h2>\n<p>El fondo NextGenerationEU se estableci\u00f3 en 2020 como respuesta a la pandemia de COVID-19, con el objetivo de impulsar la recuperaci\u00f3n econ\u00f3mica y, al mismo tiempo, guiar a Europa hacia la neutralidad clim\u00e1tica. Al menos el 37\u202f% de los fondos de cada plan nacional deben destinarse a proyectos sostenibles, tales como:<\/p>\n<ul>\n<li>Instalaciones de energ\u00edas renovables (solar, e\u00f3lica, hidr\u00f3geno),<\/li>\n<li>Rehabilitaci\u00f3n energ\u00e9tica de edificios,<\/li>\n<li>Transporte p\u00fablico con cero emisiones,<\/li>\n<li>Innovaci\u00f3n industrial ecol\u00f3gica,<\/li>\n<li>Descarbonizaci\u00f3n de cadenas de suministro.<\/li>\n<\/ul>\n<p>Sin embargo, a mediados de 2025, la Comisi\u00f3n Europea ha se\u00f1alado que una parte importante de estos fondos a\u00fan no ha sido gastada, lo que amenaza tanto los objetivos econ\u00f3micos como los medioambientales.<\/p>\n<h2>\u00bfQui\u00e9n avanza y qui\u00e9n se retrasa?<\/h2>\n<p>Seg\u00fan el \u00faltimo informe de la Comisi\u00f3n, el 65\u202f% de los fondos ya ha sido desembolsado a los gobiernos nacionales, pero menos del 40\u202f% ha sido realmente invertido. Pa\u00edses como Bulgaria, Eslovaquia, Croacia y Ruman\u00eda est\u00e1n entre los m\u00e1s rezagados debido a trabas burocr\u00e1ticas, escasez de personal y cierta inestabilidad pol\u00edtica.<\/p>\n<p>En cambio, Alemania, Francia, los Pa\u00edses Bajos y Dinamarca muestran avances significativos. Alemania invierte fuertemente en redes de calefacci\u00f3n e infraestructura de hidr\u00f3geno, mientras que Francia apuesta por la movilidad sostenible y la eficiencia energ\u00e9tica en viviendas.<\/p>\n<h2>Mayor control de la Comisi\u00f3n<\/h2>\n<p>En junio de 2025, la Comisi\u00f3n emiti\u00f3 nuevas directrices advirtiendo que los pa\u00edses que no cumplan con los objetivos podr\u00edan perder el acceso a fondos no utilizados. El comisario de Econom\u00eda, Paolo Gentiloni, declar\u00f3:<\/p>\n<blockquote><p>\u201cEl fondo de recuperaci\u00f3n no es solo una l\u00ednea de financiaci\u00f3n, es nuestro puente hacia un futuro m\u00e1s verde. Cada retraso es una oportunidad perdida para fortalecer la independencia energ\u00e9tica de Europa y crear los empleos del ma\u00f1ana.\u201d<\/p><\/blockquote>\n<p>Asimismo, Bruselas plantea flexibilizar las normas de reasignaci\u00f3n, permitiendo que los pa\u00edses m\u00e1s eficientes accedan a los fondos no utilizados por los m\u00e1s lentos.<\/p>\n<h2>El sector privado exige agilidad<\/h2>\n<p>Las empresas europeas tambi\u00e9n han alzado la voz. Mientras Estados Unidos y China aumentan sus inversiones p\u00fablicas en tecnolog\u00eda limpia, los fabricantes europeos temen perder terreno. El \u201cInflation Reduction Act\u201d estadounidense, con m\u00e1s de 370\u202fmil millones de d\u00f3lares para iniciativas verdes, ya ha atra\u00eddo a varias startups del continente.<\/p>\n<p>La industria europea de paneles solares, bater\u00edas y equipos de hidr\u00f3geno pide:<\/p>\n<ul>\n<li>Plataformas digitales para agilizar el acceso a fondos,<\/li>\n<li>Reducci\u00f3n de plazos para aprobaci\u00f3n de proyectos,<\/li>\n<li>Cronogramas claros de desembolso,<\/li>\n<li>Impulso a la fabricaci\u00f3n local de componentes verdes.<\/li>\n<\/ul>\n<p>Sin una acci\u00f3n r\u00e1pida, Europa podr\u00eda quedarse atr\u00e1s en la carrera global por el liderazgo en energ\u00eda limpia.<\/p>\n<h2>Una transici\u00f3n ecol\u00f3gica justa<\/h2>\n<p>La Comisi\u00f3n tambi\u00e9n subraya que la transici\u00f3n verde debe ser socialmente equitativa. Los fondos de recuperaci\u00f3n no s\u00f3lo deben respaldar la innovaci\u00f3n e infraestructura, sino tambi\u00e9n proteger a los trabajadores de industrias intensivas en carbono, ofrecer programas de capacitaci\u00f3n y facilitar el acceso a la eficiencia energ\u00e9tica para hogares vulnerables.<\/p>\n<p>Italia y Espa\u00f1a han canalizado recursos hacia subsidios de rehabilitaci\u00f3n energ\u00e9tica para familias de bajos ingresos. Portugal ha lanzado programas de \u201ctejados solares\u201d en viviendas sociales. Estas iniciativas responden al principio de sostenibilidad inclusiva promovido por Bruselas.<\/p>\n<h2>Competencia geopol\u00edtica en tecnolog\u00edas limpias<\/h2>\n<p>La carrera global por las tecnolog\u00edas verdes se ha convertido en una cuesti\u00f3n estrat\u00e9gica. Mientras China domina la producci\u00f3n de paneles solares y bater\u00edas, y EE.\u202fUU. subsidia su manufactura nacional, la UE busca liderar en energ\u00eda e\u00f3lica marina, hidr\u00f3geno verde y econom\u00eda circular.<\/p>\n<p>No obstante, sin un uso \u00e1gil de los fondos, las empresas europeas pueden verse superadas. Hoy, la escasez de capacidad industrial para componentes clave limita la autonom\u00eda estrat\u00e9gica del bloque.<\/p>\n<h2>Tensi\u00f3n pol\u00edtica y percepci\u00f3n p\u00fablica<\/h2>\n<p>A medida que se acercan las elecciones al Parlamento Europeo en 2026, las pol\u00edticas verdes se vuelven un tema polarizador. Partidos conservadores en varios pa\u00edses exigen relajar los objetivos medioambientales en favor del crecimiento econ\u00f3mico a corto plazo. La Comisi\u00f3n responde que la sostenibilidad no es un lujo, sino una necesidad estructural.<\/p>\n<p>La opini\u00f3n p\u00fablica est\u00e1 dividida: muchos apoyan la acci\u00f3n clim\u00e1tica, pero otros manifiestan preocupaci\u00f3n por los costes energ\u00e9ticos y la complejidad regulatoria.<\/p>\n<h2>Conclusi\u00f3n<\/h2>\n<p>El fondo de recuperaci\u00f3n de la UE representa una oportunidad hist\u00f3rica para acelerar la transici\u00f3n clim\u00e1tica, generar empleo y fortalecer el liderazgo tecnol\u00f3gico del continente. Pero su impacto depende de una ejecuci\u00f3n oportuna, eficaz y coordinada.<\/p>\n<p>Para no perder esta ventana de transformaci\u00f3n, los Estados miembros deben eliminar obst\u00e1culos, priorizar la inversi\u00f3n verde y actuar con decisi\u00f3n. El futuro sostenible de Europa se juega en el presente.<\/p>\n","protected":false},"excerpt":{"rendered":"<p>La Uni\u00f3n Europea est\u00e1 intensificando su presi\u00f3n sobre los Estados miembros para que aceleren el uso&hellip;<\/p>\n","protected":false},"author":5,"featured_media":40023,"comment_status":"open","ping_status":"open","sticky":false,"template":"","format":"standard","meta":{"_lmt_disableupdate":"","_lmt_disable":"","footnotes":""},"categories":[70],"tags":[148],"class_list":["post-39715","post","type-post","status-publish","format-standard","has-post-thumbnail","hentry","category-informaciones","tag-guia"],"_links":{"self":[{"href":"https:\/\/erena.me\/es\/wp-json\/wp\/v2\/posts\/39715","targetHints":{"allow":["GET"]}}],"collection":[{"href":"https:\/\/erena.me\/es\/wp-json\/wp\/v2\/posts"}],"about":[{"href":"https:\/\/erena.me\/es\/wp-json\/wp\/v2\/types\/post"}],"author":[{"embeddable":true,"href":"https:\/\/erena.me\/es\/wp-json\/wp\/v2\/users\/5"}],"replies":[{"embeddable":true,"href":"https:\/\/erena.me\/es\/wp-json\/wp\/v2\/comments?post=39715"}],"version-history":[{"count":0,"href":"https:\/\/erena.me\/es\/wp-json\/wp\/v2\/posts\/39715\/revisions"}],"wp:featuredmedia":[{"embeddable":true,"href":"https:\/\/erena.me\/es\/wp-json\/wp\/v2\/media\/40023"}],"wp:attachment":[{"href":"https:\/\/erena.me\/es\/wp-json\/wp\/v2\/media?parent=39715"}],"wp:term":[{"taxonomy":"category","embeddable":true,"href":"https:\/\/erena.me\/es\/wp-json\/wp\/v2\/categories?post=39715"},{"taxonomy":"post_tag","embeddable":true,"href":"https:\/\/erena.me\/es\/wp-json\/wp\/v2\/tags?post=39715"}],"curies":[{"name":"wp","href":"https:\/\/api.w.org\/{rel}","templated":true}]}}