{"id":50947,"date":"2026-01-27T01:35:08","date_gmt":"2026-01-26T21:35:08","guid":{"rendered":"https:\/\/erena.me\/2026\/01\/27\/warum-das-management-von-the-q-fuer-die-urbane-zukunft-nuernbergs-entscheidend-ist\/"},"modified":"2026-01-27T01:57:46","modified_gmt":"2026-01-26T21:57:46","slug":"warum-das-management-von-the-q-fuer-die-urbane-zukunft-nuernbergs-entscheidend-ist","status":"publish","type":"post","link":"https:\/\/erena.me\/de\/2026\/01\/27\/warum-das-management-von-the-q-fuer-die-urbane-zukunft-nuernbergs-entscheidend-ist\/","title":{"rendered":"Warum das Management von The Q f\u00fcr die urbane Zukunft N\u00fcrnbergs entscheidend ist"},"content":{"rendered":"<p>Eines der komplexesten Stadtentwicklungsprojekte N\u00fcrnbergs ist in eine ruhigere, aber entscheidendere Phase eingetreten. Mit der vollst\u00e4ndigen \u00dcbernahme des Property Managements f\u00fcr The Q durch T\u00dcV S\u00dcD Advimo verlagert sich der Fokus weg von Bauzeitenpl\u00e4nen und Finanzierungsstrukturen hin zum langfristigen Betrieb. Dieser \u00dcbergang signalisiert, dass The Q nicht mehr als Projekt im Wandel betrachtet wird, sondern als Infrastruktur, die zuverl\u00e4ssig im administrativen und wirtschaftlichen System der Stadt funktionieren soll.<\/p>\n<p>Das Areal an der F\u00fcrther Stra\u00dfe tr\u00e4gt eine tief verwurzelte industrielle Vergangenheit. In den 1950er Jahren als Teil des Quelle-Versandhandelsimperiums errichtet, stand der Komplex einst f\u00fcr Gr\u00f6\u00dfe, Effizienz und wirtschaftliches Selbstvertrauen der Nachkriegszeit. Als sich Logistikmodelle ver\u00e4nderten und industrielle Aktivit\u00e4ten verlagerten, blieben die Geb\u00e4ude bestehen \u2014 gro\u00dffl\u00e4chig, zentral gelegen und zunehmend von den Bed\u00fcrfnissen der Stadt entkoppelt. \u00dcber Jahre hinweg stellte sich nicht die Frage, ob das Gebiet neu entwickelt werden sollte, sondern wie dies geschehen konnte, ohne ein weiteres isoliertes Gewerbeareal zu schaffen.<\/p>\n<h2>Ma\u00dfstab neu programmieren statt ausl\u00f6schen<\/h2>\n<p>Die Strategie von The Q vermeidet bewusst einen radikalen Neuanfang. Anstelle von Abriss werden die bestehenden Strukturen zu einem gemischt genutzten Komplex von rund 60.000 Quadratmetern umgewandelt, der B\u00fcrofl\u00e4chen, Einzelhandel, Gastronomie und \u00f6ffentlich zug\u00e4ngliche Bereiche vereint. Im Zentrum des Projekts steht das Stadthaus Q, ein neues Verwaltungszentrum der Stadt, das zentrale \u00c4mter b\u00fcndelt, die zuvor auf mehrere Standorte verteilt waren.<\/p>\n<p><img fetchpriority=\"high\" decoding=\"async\" class=\"alignnone size-medium\" src=\"https:\/\/www.accumulata.de\/wp-content\/uploads\/2023\/09\/Impression-Suedfassade-1500x1387.jpg\" width=\"1500\" height=\"1387\" alt=\"\" title=\"-\"><br \/>\n<a href=\"https:\/\/www.accumulata.de\/en\/projects\/the-q\/\" target=\"_blank\" rel=\"noopener\">Quelle<\/a><\/p>\n<p>Dieser \u00f6ffentliche Anker ver\u00e4ndert das Risikoprofil des Projekts grundlegend. Eine langfristige kommunale Nutzung stabilisiert die Nachfrage und positioniert The Q als st\u00e4dtische Infrastruktur statt als spekulatives Immobilienvorhaben. Ziel ist es nicht allein, Quadratmeter zu schaffen, sondern einen ehemaligen Industriestandort wieder in das t\u00e4gliche Funktionieren der Stadt zu integrieren \u2014 wirtschaftlich wie administrativ.<\/p>\n<h2>Warum der Betrieb jetzt wichtiger ist als Architektur<\/h2>\n<p>Sobald die Kr\u00e4ne verschwunden sind, werden Projekte wie The Q weniger an architektonischen Konzepten gemessen als an ihrer t\u00e4glichen Leistungsf\u00e4higkeit. Heizsysteme, Sicherheitskonzepte, Wartungszyklen, Energieeffizienz und die Koordination der Nutzer werden zu stillen Faktoren f\u00fcr Erfolg oder Scheitern.<\/p>\n<p>In dieser Phase wird professionelles Property Management vom Hintergrunddienst zum R\u00fcckgrat des Objekts. Genau hier kommt T\u00dcV S\u00dcD Advimo eine zentrale Rolle zu. Das Mandat umfasst sowohl technisches als auch kaufm\u00e4nnisches Management, darunter Geb\u00e4udetechnik, Sicherheits- und Rechtskonformit\u00e4t, Energieperformance, Mieterbeziehungen sowie operative Tagesabl\u00e4ufe. Ziel ist es nicht nur, den Komplex funktionsf\u00e4hig zu halten, sondern planbare Kosten, unterbrechungsfreien Betrieb und langfristige Nutzbarkeit f\u00fcr \u00f6ffentliche Verwaltung und private Nutzer sicherzustellen.<\/p>\n<p><img decoding=\"async\" class=\"alignnone size-medium\" src=\"https:\/\/www.accumulata.de\/wp-content\/uploads\/2023\/09\/Impression-Grosser-Innenhof-1500x1387.jpg\" width=\"1500\" height=\"1387\" alt=\"\" title=\"-\"><br \/>\n<a href=\"https:\/\/www.accumulata.de\/en\/projects\/the-q\/\" target=\"_blank\" rel=\"noopener\">Quelle<\/a><\/p>\n<p>Advimo ist Teil der T\u00dcV S\u00dcD Gruppe, die international mit Pr\u00fcfung, Zertifizierung und technischem Risikomanagement verbunden ist. Dieser Hintergrund bringt eine lebenszyklusorientierte Denkweise in den Immobilienbetrieb ein, bei der Resilienz, pr\u00e4ventive Wartung und regulatorische Vorausschau im Vordergrund stehen \u2014 statt kurzfristiger Optimierung. F\u00fcr Objekte, die \u00f6ffentliche Verwaltung, kommerzielle Nutzung und offene Stadtr\u00e4ume vereinen, reduziert dieser Ansatz operative Risiken \u00fcber Jahrzehnte statt \u00fcber wenige Jahre.<\/p>\n<h2>Glaubw\u00fcrdigkeit des Neustarts und wof\u00fcr The Q steht<\/h2>\n<p>Die Entwicklung von The Q verlief nicht reibungslos. Finanzielle Schwierigkeiten und ein Insolvenzverfahren im Jahr 2023 unterbrachen den Fortschritt und warfen Fragen zur langfristigen Tragf\u00e4higkeit des Projekts auf. Der Neustart erforderte mehr als neue Finanzierung \u2014 notwendig war ein sichtbarer Neuanfang bei Governance und operativer Glaubw\u00fcrdigkeit. Die Beauftragung eines institutionell anerkannten Property Managers war daher Signal und L\u00f6sung zugleich.<\/p>\n<p><img decoding=\"async\" class=\"alignnone size-medium\" src=\"https:\/\/www.accumulata.de\/wp-content\/uploads\/2023\/09\/7.7.9.9.7-Drohne-Bahnaufgang_%C2%A9pulsschlag-network-GmbH_GERCHGROUP-AG-loRes-loQ-1500x1415.jpg\" width=\"1500\" height=\"1415\" alt=\"\" title=\"-\"><br \/>\n<a href=\"https:\/\/www.accumulata.de\/en\/projects\/the-q\/\" target=\"_blank\" rel=\"noopener\">Quelle<\/a><\/p>\n<p>Projekte, die aus Restrukturierungen hervorgehen, k\u00e4mpfen h\u00e4ufig mit Vertrauensdefiziten. Unsicherheiten \u00fcber Wartungsstandards, Betriebskosten und langfristige Verl\u00e4sslichkeit k\u00f6nnen lange nach der Wiederaufnahme der Bauarbeiten bestehen bleiben. Durch die professionelle Bewirtschaftung von The Q werden diese Risiken eingegrenzt. F\u00fcr die Stadt N\u00fcrnberg, die als Ankermieter vorgesehen ist, sinken sowohl operative als auch politische Risiken \u2014 Krisenmanagement wird durch planbare, langfristige Nutzung ersetzt.<\/p>\n<p>\u00dcber N\u00fcrnberg hinaus steht The Q f\u00fcr einen breiteren Wandel in der Herangehensweise deutscher St\u00e4dte an gro\u00dfma\u00dfst\u00e4bliche Umnutzungsprojekte. Der Fokus verschiebt sich von spektakul\u00e4ren Bau-Meilensteinen hin zu Governance, Betriebseffizienz und Performance \u00fcber den gesamten Lebenszyklus \u2014 eine Reaktion auf h\u00f6here Finanzierungskosten und engere \u00f6ffentliche Budgets. St\u00e4dte haben wenig Toleranz f\u00fcr Objekte, die zur Er\u00f6ffnung beeindrucken, sich im Betrieb jedoch als teuer oder unzuverl\u00e4ssig erweisen.<\/p>\n<p>F\u00fcr N\u00fcrnberg ist The Q letztlich ein Testfall. Funktioniert das Projekt wie vorgesehen, zeigt es, dass industrielles Erbe in funktionsf\u00e4hige st\u00e4dtische Infrastruktur \u00fcberf\u00fchrt werden kann, ohne zur langfristigen Belastung zu werden. Mit T\u00dcV S\u00dcD Advimo in der Verantwortung f\u00fcr den Betrieb ist The Q \u00fcber die Phase der Umnutzung hinausgewachsen und in die anspruchsvollere, weniger sichtbare Phase des dauerhaften Stadtlebens eingetreten.<\/p>\n","protected":false},"excerpt":{"rendered":"<p>Eines der komplexesten Stadtentwicklungsprojekte N\u00fcrnbergs ist in eine ruhigere, aber entscheidendere Phase eingetreten. Mit der vollst\u00e4ndigen&hellip;<\/p>\n","protected":false},"author":7,"featured_media":50939,"comment_status":"open","ping_status":"open","sticky":false,"template":"","format":"standard","meta":{"_lmt_disableupdate":"","_lmt_disable":"","footnotes":""},"categories":[98],"tags":[151],"class_list":["post-50947","post","type-post","status-publish","format-standard","has-post-thumbnail","hentry","category-analysen-und-prognosen","tag-deutschland"],"_links":{"self":[{"href":"https:\/\/erena.me\/de\/wp-json\/wp\/v2\/posts\/50947","targetHints":{"allow":["GET"]}}],"collection":[{"href":"https:\/\/erena.me\/de\/wp-json\/wp\/v2\/posts"}],"about":[{"href":"https:\/\/erena.me\/de\/wp-json\/wp\/v2\/types\/post"}],"author":[{"embeddable":true,"href":"https:\/\/erena.me\/de\/wp-json\/wp\/v2\/users\/7"}],"replies":[{"embeddable":true,"href":"https:\/\/erena.me\/de\/wp-json\/wp\/v2\/comments?post=50947"}],"version-history":[{"count":0,"href":"https:\/\/erena.me\/de\/wp-json\/wp\/v2\/posts\/50947\/revisions"}],"wp:featuredmedia":[{"embeddable":true,"href":"https:\/\/erena.me\/de\/wp-json\/wp\/v2\/media\/50939"}],"wp:attachment":[{"href":"https:\/\/erena.me\/de\/wp-json\/wp\/v2\/media?parent=50947"}],"wp:term":[{"taxonomy":"category","embeddable":true,"href":"https:\/\/erena.me\/de\/wp-json\/wp\/v2\/categories?post=50947"},{"taxonomy":"post_tag","embeddable":true,"href":"https:\/\/erena.me\/de\/wp-json\/wp\/v2\/tags?post=50947"}],"curies":[{"name":"wp","href":"https:\/\/api.w.org\/{rel}","templated":true}]}}