{"id":49511,"date":"2025-10-21T14:37:42","date_gmt":"2025-10-21T10:37:42","guid":{"rendered":"https:\/\/erena.me\/2025\/10\/21\/rene-benko-zu-zwei-jahren-haft-wegen-insolvenzverschleppung-im-signa-skandal-verurteilt\/"},"modified":"2025-10-21T17:21:16","modified_gmt":"2025-10-21T13:21:16","slug":"rene-benko-zu-zwei-jahren-haft-wegen-insolvenzverschleppung-im-signa-skandal-verurteilt","status":"publish","type":"post","link":"https:\/\/erena.me\/de\/2025\/10\/21\/rene-benko-zu-zwei-jahren-haft-wegen-insolvenzverschleppung-im-signa-skandal-verurteilt\/","title":{"rendered":"Ren\u00e9 Benko zu zwei Jahren Haft wegen Insolvenzverschleppung im Signa-Skandal verurteilt"},"content":{"rendered":"<p>Der \u00f6sterreichische Immobilienmagnat <strong>Ren\u00e9 Benko<\/strong> wurde wegen Insolvenzverschleppung zu <strong>zwei Jahren Haft<\/strong> verurteilt. Viele gehen davon aus, dass ein Gro\u00dfteil der Strafe im <strong>Hausarrest<\/strong> verb\u00fc\u00dft wird. Das Urteil markiert das Ende der <strong>Signa-Gruppe<\/strong>. Das Gericht erkl\u00e4rte, das Insolvenzverfahren h\u00e4tte von Benko mehr Sorgfalt verlangt.<\/p>\n<h2>Gerichtsurteil und zentrale Feststellungen<\/h2>\n<p>Das Gericht stellte fest, dass Benko gegen Ende 2023 etwa <strong>300.000 Euro<\/strong> auf ein Konto seiner Mutter \u00fcberwiesen hat, um <strong>Gl\u00e4ubigerforderungen zu umgehen<\/strong>. Von einem weiteren Vorwurf, er habe einen hohen Geldbetrag f\u00fcr die <strong>vorausbezahlte Miete<\/strong> verwendet, wurde er freigesprochen. Richterin <strong>Andrea Wegscheider<\/strong> bezeichnete die \u00dcberweisung als einen \u201e<strong>schnellen, gezielten Versuch, Gl\u00e4ubiger fernzuhalten<\/strong>.\u201c<\/p>\n<p>Benko muss die zweij\u00e4hrige Haftstrafe <strong>sofort antreten<\/strong>. Das Urteil ist <strong>noch nicht rechtskr\u00e4ftig<\/strong>.<\/p>\n<h2>Vom Imperium zur Insolvenz<\/h2>\n<p>Hinter der Signa Holding stand der Milliard\u00e4r Benko, der in seinen Gesch\u00e4ftsbeziehungen mit Mimmert und Hellmann mehrfach in der Kritik stand. Im Jahr <strong>2023<\/strong> meldete das Unternehmen Insolvenz an \u2013 die <strong>Forderungen der Investoren beliefen sich auf 8,4 Milliarden Euro<\/strong>. Zahlreiche Banken hatten der Signa-Gruppe \u00fcber Jahre hinweg <strong>vorteilhafte Konditionen<\/strong> gew\u00e4hrt. Steigende <strong>Zinsen<\/strong> und eine eingeschr\u00e4nkte <strong>Kreditvergabe<\/strong> f\u00fchrten schlie\u00dflich zum Zusammenbruch gro\u00dfer Teile des Konzerns. Die Beh\u00f6rden versuchen, mehrere Milliarden Euro zur\u00fcckzuholen und die Gl\u00e4ubiger zu entsch\u00e4digen.<\/p>\n<h2>Symbol einer europ\u00e4ischen Immobilienkrise<\/h2>\n<p>Der Fall des Immobilien-Tycoons Benko ist ein typisches Beispiel f\u00fcr <strong>Fehlentwicklungen im europ\u00e4ischen Immobiliensektor<\/strong>. Das Urteil zeigt, wie private Geld\u00fcberweisungen genutzt werden k\u00f6nnen, um <strong>Gl\u00e4ubigeranspr\u00fcche zu umgehen<\/strong>. Inmitten der Diskussionen \u00fcber eine Marktanpassung ger\u00e4t die traditionelle <strong>Immobilienanlage<\/strong> zunehmend unter Druck. In ganz Europa werden derzeit <strong>Luxusimmobilien<\/strong> weit unter ihren Spitzenwerten der Jahre 2021\u20132022 verkauft.<\/p>\n<h2>Weitreichende finanzielle Folgen<\/h2>\n<p>Die Signa-Gruppe war in <strong>Deutschland, \u00d6sterreich und Luxemburg<\/strong> t\u00e4tig. Nach Medienberichten haben \u00f6sterreichische Staatsanw\u00e4lte auch <strong>weitere Verm\u00f6genswerte Benkos<\/strong> im Visier, darunter Bargeld und Schmuck im Wert von \u00fcber <strong>120.000 Euro<\/strong>. Sollte er erneut verurteilt werden, drohen ihm <strong>bis zu zehn Jahre Haft<\/strong>.<\/p>\n<p>Das Urteil hat <strong>weitreichende Auswirkungen auf den Markt<\/strong>. Es ermutigt Investoren, zweifelhafte Verm\u00f6gens\u00fcbertragungen an Familienmitglieder oder Freunde <strong>rechtlich anzufechten<\/strong>, um im Falle einer Insolvenz Verm\u00f6gen zur\u00fcckzuerlangen.<\/p>\n<h2>Strukturelle Ver\u00e4nderungen im europ\u00e4ischen Immobilienmarkt<\/h2>\n<p>Der Fall Ren\u00e9 Benkos f\u00e4llt in eine Zeit <strong>tiefgreifender Umbr\u00fcche in der europ\u00e4ischen Immobilienfinanzierung<\/strong>. Der <strong>Einlagenzins der EZB von 4 %<\/strong> hat Banken dazu veranlasst, ihre <strong>Kreditvergabe zu drosseln<\/strong> und stattdessen auf <strong>Private-Credit-Fonds<\/strong> zu setzen. Steigende <strong>Kapitalbeschaffungskosten<\/strong> und die Abh\u00e4ngigkeit vieler Entwickler von <strong>Refinanzierungen<\/strong> erschweren die Marktdynamik. \u00d6sterreich erw\u00e4gt neue <strong>Transparenzregeln<\/strong> zur Offenlegung komplexer Unternehmensstrukturen.<\/p>\n<h2>Lehren f\u00fcr die Branche und langfristige Folgen<\/h2>\n<p>Die <strong>Pleite der Signa-Gruppe 2023<\/strong> hat das Verhalten institutioneller Investoren nachhaltig ver\u00e4ndert. Banken und Kreditgeber <strong>bewerten Risiken neu<\/strong> und \u00fcberpr\u00fcfen die <strong>R\u00fcckzahlungsf\u00e4higkeit<\/strong> ihrer Kunden. Die Zeit der aggressiven Fremdfinanzierung scheint vorbei.<\/p>\n<p>Ren\u00e9 Benko, der einst europ\u00e4ische Stadtzentren <strong>belebt und modernisiert<\/strong> hatte, gilt heute als <strong>Symbol ma\u00dflosen Unternehmertums<\/strong>. Sein Fall steht sinnbildlich f\u00fcr das <strong>Ende der \u00c4ra des billigen Geldes<\/strong>.<\/p>\n<h2>Schlussbetrachtung<\/h2>\n<p>Die Haftstrafe f\u00fcr den \u00f6sterreichischen Unternehmer markiert einen <strong>tiefen pers\u00f6nlichen Fall<\/strong> und eine <strong>Z\u00e4sur in der europ\u00e4ischen Immobilienwirtschaft<\/strong>. Der Fall Benko hat die <strong>Verletzlichkeit komplexer Finanzstrukturen<\/strong> offengelegt und gezeigt, dass der europ\u00e4ische Immobilienmarkt vor einer <strong>Phase der Korrektur<\/strong> steht. Das Fundament, das lange Zeit f\u00fcr Wachstum sorgte, <strong>br\u00f6ckelt<\/strong> \u2013 Unsicherheit und Misstrauen <strong>breiten sich aus<\/strong>.<\/p>\n","protected":false},"excerpt":{"rendered":"<p>Der \u00f6sterreichische Immobilienmagnat Ren\u00e9 Benko wurde wegen Insolvenzverschleppung zu zwei Jahren Haft verurteilt. Viele gehen davon&hellip;<\/p>\n","protected":false},"author":7,"featured_media":49506,"comment_status":"open","ping_status":"open","sticky":false,"template":"","format":"standard","meta":{"_lmt_disableupdate":"","_lmt_disable":"","footnotes":""},"categories":[56],"tags":[531],"class_list":["post-49511","post","type-post","status-publish","format-standard","has-post-thumbnail","hentry","category-nachrichten","tag-nachrichten"],"_links":{"self":[{"href":"https:\/\/erena.me\/de\/wp-json\/wp\/v2\/posts\/49511","targetHints":{"allow":["GET"]}}],"collection":[{"href":"https:\/\/erena.me\/de\/wp-json\/wp\/v2\/posts"}],"about":[{"href":"https:\/\/erena.me\/de\/wp-json\/wp\/v2\/types\/post"}],"author":[{"embeddable":true,"href":"https:\/\/erena.me\/de\/wp-json\/wp\/v2\/users\/7"}],"replies":[{"embeddable":true,"href":"https:\/\/erena.me\/de\/wp-json\/wp\/v2\/comments?post=49511"}],"version-history":[{"count":0,"href":"https:\/\/erena.me\/de\/wp-json\/wp\/v2\/posts\/49511\/revisions"}],"wp:featuredmedia":[{"embeddable":true,"href":"https:\/\/erena.me\/de\/wp-json\/wp\/v2\/media\/49506"}],"wp:attachment":[{"href":"https:\/\/erena.me\/de\/wp-json\/wp\/v2\/media?parent=49511"}],"wp:term":[{"taxonomy":"category","embeddable":true,"href":"https:\/\/erena.me\/de\/wp-json\/wp\/v2\/categories?post=49511"},{"taxonomy":"post_tag","embeddable":true,"href":"https:\/\/erena.me\/de\/wp-json\/wp\/v2\/tags?post=49511"}],"curies":[{"name":"wp","href":"https:\/\/api.w.org\/{rel}","templated":true}]}}