{"id":42085,"date":"2025-07-21T19:59:54","date_gmt":"2025-07-21T15:59:54","guid":{"rendered":"https:\/\/erena.me\/?p=42085"},"modified":"2025-07-21T20:01:36","modified_gmt":"2025-07-21T16:01:36","slug":"wie-multifunktionale-moebel-in-kompakten-stadtwohnungen-unverzichtbar-wurden","status":"publish","type":"post","link":"https:\/\/erena.me\/de\/2025\/07\/21\/wie-multifunktionale-moebel-in-kompakten-stadtwohnungen-unverzichtbar-wurden\/","title":{"rendered":"Wie multifunktionale M\u00f6bel in kompakten Stadtwohnungen unverzichtbar wurden"},"content":{"rendered":"<p>Mit dem zunehmenden Platzmangel in europ\u00e4ischen Gro\u00dfst\u00e4dten und steigenden Immobilienpreisen w\u00e4chst der Druck auf Stadtbewohner, den verf\u00fcgbaren Wohnraum optimal zu nutzen. In diesem Zusammenhang haben sich <strong>M\u00f6bel mit Doppelfunktion<\/strong> \u2013 also wandelbare, multifunktionale und platzsparende M\u00f6belst\u00fccke \u2013 als unverzichtbare L\u00f6sung etabliert. In einer Zeit, in der jeder Quadratmeter z\u00e4hlt, sind sie vom Komfort zur Notwendigkeit geworden.<\/p>\n<h2>Leben in der Stadt: Weniger Fl\u00e4che, mehr Anforderungen<\/h2>\n<p>Laut Eurostat schrumpft die durchschnittliche Wohnfl\u00e4che in europ\u00e4ischen Metropolen seit Jahren. In <strong>Paris<\/strong> betr\u00e4gt die Gr\u00f6\u00dfe eines Neubaus im Schnitt <strong>55\u202fm\u00b2<\/strong>, in <strong>Amsterdam<\/strong> <strong>60\u202fm\u00b2<\/strong>, in <strong>Berlin<\/strong> <strong>58\u202fm\u00b2<\/strong> und in <strong>Barcelona<\/strong> <strong>57\u202fm\u00b2<\/strong>. Besonders betroffen sind junge Paare, Mieter, Freelancer und Remote-Worker, die Wohnen, Arbeiten und Freizeit auf engem Raum vereinen m\u00fcssen.<\/p>\n<p>Multifunktionale M\u00f6bel bieten hier eine smarte, wirtschaftliche und \u00e4sthetisch ansprechende L\u00f6sung.<\/p>\n<h2>Was sind multifunktionale M\u00f6bel?<\/h2>\n<p>Multifunktionale oder duale M\u00f6bel sind <strong>Einrichtungsgegenst\u00e4nde mit mehreren Funktionen<\/strong>. Beliebte Beispiele:<\/p>\n<ul>\n<li><strong>Schlafsofas<\/strong>, die tags\u00fcber als Couch und nachts als Bett dienen<\/li>\n<li><strong>Ausziehbare Esstische<\/strong>, die auch als Schreibtisch oder Anrichte genutzt werden k\u00f6nnen<\/li>\n<li><strong>Betten mit integriertem Stauraum<\/strong>, etwa mit Schubladen oder Hebemechanismus<\/li>\n<li><strong>Wandklapptische<\/strong>, die nach der Nutzung wieder verschwinden<\/li>\n<li><strong>Hocker und Sitztruhen<\/strong>, die als Stauraum oder Couchtisch fungieren<\/li>\n<\/ul>\n<p>Neuere Modelle bieten Features wie <strong>USB-Anschl\u00fcsse<\/strong>, <strong>H\u00f6henverstellung<\/strong>, <strong>Rollen<\/strong> und <strong>modulare Anpassungen<\/strong>.<\/p>\n<h2>Wachsende Nachfrage in Europa<\/h2>\n<p>Laut Statista stieg der Markt f\u00fcr wandelbare M\u00f6bel in Europa im Jahr 2024 um <strong>12\u202f%<\/strong>. Spitzenreiter in der Nutzung:<\/p>\n<ul>\n<li><strong>Niederlande<\/strong>, insbesondere in St\u00e4dten wie Utrecht oder Den Haag<\/li>\n<li><strong>Frankreich<\/strong>, vor allem Paris mit vielen Mikroapartments (25\u201335\u202fm\u00b2)<\/li>\n<li><strong>Deutschland<\/strong>, wo in Berlin und Hamburg das \u201eMicro Living\u201c boomt<\/li>\n<li><strong>Italien und Spanien<\/strong>, mit starker Nachfrage in Touristenwohnungen<\/li>\n<\/ul>\n<p>Typische Preisspannen:<\/p>\n<ul>\n<li>Hochwertige Schlafsofas: <strong>600\u20131.500 \u20ac<\/strong><\/li>\n<li>Stauraumbetten: <strong>500\u20131.200 \u20ac<\/strong><\/li>\n<li>Kompakte Homeoffice-L\u00f6sungen: <strong>200\u2013800 \u20ac<\/strong><\/li>\n<li>Klappschr\u00e4nke oder Wandbetten: <strong>ab 900 \u20ac<\/strong><\/li>\n<\/ul>\n<h2>Marken und Designtrends<\/h2>\n<p>Namhafte Hersteller setzen auf platzsparendes Design:<\/p>\n<ul>\n<li><strong>IKEA<\/strong> mit Serien wie BRIMNES oder LINNMON f\u00fcr kleine Wohnungen<\/li>\n<li><strong>BoConcept<\/strong> (D\u00e4nemark) mit eleganten High-End-L\u00f6sungen<\/li>\n<li><strong>Resource Furniture<\/strong> (Italien\/USA) im Premiumsegment<\/li>\n<li><strong>LAGO<\/strong> (Italien) mit schwebenden und modularen M\u00f6beln<\/li>\n<li><strong>Muji<\/strong> und <strong>Nitori<\/strong> (Japan) als Inspirationsquelle f\u00fcr minimalistisches Wohnen<\/li>\n<\/ul>\n<p>Auch <strong>ma\u00dfgeschneiderte L\u00f6sungen<\/strong> und <strong>DIY-Projekte<\/strong> gewinnen an Beliebtheit \u2013 besonders bei umweltbewussten K\u00e4ufern.<\/p>\n<h2>Nachhaltigkeit und smarte M\u00f6bel<\/h2>\n<p>Immer mehr Hersteller setzen auf <strong>recycelte Materialien<\/strong>, <strong>langlebige Mechanismen<\/strong> und <strong>umweltfreundliche Produktion<\/strong>. Features wie <strong>Soft-Close-Schienen<\/strong>, <strong>integrierte Beleuchtung<\/strong> oder <strong>magnetische Verschl\u00fcsse<\/strong> sind Standard.<\/p>\n<p>Im Kommen ist zudem <strong>intelligentes Mobiliar<\/strong>: Tische mit kabellosem Laden, App-gesteuerte Betten oder sprachgesteuerte Elemente f\u00fcr Smart Homes.<\/p>\n<h2>Mehr Lebensqualit\u00e4t im kleinen Raum<\/h2>\n<p>F\u00fcr viele Stadtbewohner sind multifunktionale M\u00f6bel mehr als Platzsparer \u2013 sie steigern das <strong>Wohlbefinden im Alltag<\/strong>. Sie richten sich an:<\/p>\n<ul>\n<li><strong>Homeoffice-Arbeitende<\/strong>, die abends ihr B\u00fcro \u201everschwinden\u201c lassen m\u00f6chten<\/li>\n<li><strong>Paare<\/strong>, die Wohn- und Schlafbereiche trennen wollen<\/li>\n<li><strong>Senioren<\/strong>, die sich verkleinern<\/li>\n<li><strong>Vermieter<\/strong>, die ihr Objekt aufwerten m\u00f6chten<\/li>\n<\/ul>\n<h2>Investitionsvorteile f\u00fcr Eigent\u00fcmer<\/h2>\n<p>Immobilienbesitzer setzen gezielt auf funktionale M\u00f6bel, um:<\/p>\n<ul>\n<li>die Attraktivit\u00e4t ihrer Wohnung zu steigern<\/li>\n<li>kleine Grundrisse aufzuwerten<\/li>\n<li>verschiedene Mietergruppen besser anzusprechen<\/li>\n<\/ul>\n<p>Vor allem bei Studios unter <strong>40 m\u00b2<\/strong>, die in St\u00e4dten wie Berlin, Amsterdam oder Madrid f\u00fcr <strong>700 bis 1.500 \u20ac<\/strong> monatlich vermietet werden k\u00f6nnen, ist dies ein klarer Wettbewerbsvorteil.<\/p>\n<h2>Praxisbeispiele in europ\u00e4ischen St\u00e4dten<\/h2>\n<ul>\n<li><strong>Paris<\/strong>: Studios im 3. und 11. Arrondissement mit Wandbetten und Klappk\u00fcchen<\/li>\n<li><strong>Berlin<\/strong>: Neue Apartmentkomplexe mit Einbaum\u00f6beln f\u00fcr Micro Living<\/li>\n<li><strong>Mailand<\/strong>: M\u00f6bel, die sich in Etagenbetten oder bewegliche Trennw\u00e4nde verwandeln<\/li>\n<li><strong>Barcelona<\/strong>: Ferienwohnungen mit versteckten Esstischen und mobilen Arbeitspl\u00e4tzen<\/li>\n<\/ul>\n<h2>Die Zukunft des st\u00e4dtischen Wohnens<\/h2>\n<p>In einer Welt, in der Wohnungen gleichzeitig <strong>Wohnraum, Arbeitsplatz, R\u00fcckzugsort und Treffpunkt<\/strong> sind, ist Flexibilit\u00e4t der Schl\u00fcssel. Multifunktionale M\u00f6bel erm\u00f6glichen es, diese Anforderungen auf kleinstem Raum zu erf\u00fcllen.<\/p>\n<p>K\u00fcnftige Trends:<\/p>\n<ul>\n<li><strong>Unsichtbare Wandl\u00f6sungen mit Stauraum<\/strong><\/li>\n<li><strong>Outdoor-M\u00f6bel f\u00fcr kleine Balkone, die sich verwandeln lassen<\/strong><\/li>\n<li><strong>Technisch adaptive M\u00f6bel<\/strong>, die sich an Tageszeiten oder Bed\u00fcrfnisse anpassen<\/li>\n<li><strong>Zirkul\u00e4res Design<\/strong>, das Wiederverwertung in den Mittelpunkt stellt<\/li>\n<\/ul>\n<h2>Fazit<\/h2>\n<p>Multifunktionale M\u00f6bel sind heute mehr als ein Einrichtungsstil \u2013 sie sind <strong>eine Notwendigkeit f\u00fcr das moderne Stadtleben<\/strong>. Sie bieten nicht nur Effizienz und Komfort, sondern auch \u00f6kologische und wirtschaftliche Vorteile.<\/p>\n<p><strong>Wichtige Erkenntnisse:<\/strong><\/p>\n<ul>\n<li>Wohnraum in europ\u00e4ischen Gro\u00dfst\u00e4dten wird knapper<\/li>\n<li>Duale M\u00f6bel helfen, diesen Raum effektiv zu nutzen<\/li>\n<li>Marken und Designer setzen auf modulare, smarte und nachhaltige L\u00f6sungen<\/li>\n<li>Eigent\u00fcmer profitieren durch h\u00f6here Mietrendite und Zufriedenheit<\/li>\n<li>2025 ist multifunktionales Wohnen nicht nur ein Trend, sondern Teil des urbanen Lebensstils<\/li>\n<\/ul>\n<p>Ob f\u00fcr Singles, Paare oder Investoren \u2013 die Zukunft des Wohnens ist kompakt, durchdacht und flexibel.<\/p>\n","protected":false},"excerpt":{"rendered":"<p>Mit dem zunehmenden Platzmangel in europ\u00e4ischen Gro\u00dfst\u00e4dten und steigenden Immobilienpreisen w\u00e4chst der Druck auf Stadtbewohner, den&hellip;<\/p>\n","protected":false},"author":5,"featured_media":41764,"comment_status":"open","ping_status":"open","sticky":false,"template":"","format":"standard","meta":{"_lmt_disableupdate":"","_lmt_disable":"","footnotes":""},"categories":[68],"tags":[145],"class_list":["post-42085","post","type-post","status-publish","format-standard","has-post-thumbnail","hentry","category-informationen","tag-leitfaden"],"_links":{"self":[{"href":"https:\/\/erena.me\/de\/wp-json\/wp\/v2\/posts\/42085","targetHints":{"allow":["GET"]}}],"collection":[{"href":"https:\/\/erena.me\/de\/wp-json\/wp\/v2\/posts"}],"about":[{"href":"https:\/\/erena.me\/de\/wp-json\/wp\/v2\/types\/post"}],"author":[{"embeddable":true,"href":"https:\/\/erena.me\/de\/wp-json\/wp\/v2\/users\/5"}],"replies":[{"embeddable":true,"href":"https:\/\/erena.me\/de\/wp-json\/wp\/v2\/comments?post=42085"}],"version-history":[{"count":0,"href":"https:\/\/erena.me\/de\/wp-json\/wp\/v2\/posts\/42085\/revisions"}],"wp:featuredmedia":[{"embeddable":true,"href":"https:\/\/erena.me\/de\/wp-json\/wp\/v2\/media\/41764"}],"wp:attachment":[{"href":"https:\/\/erena.me\/de\/wp-json\/wp\/v2\/media?parent=42085"}],"wp:term":[{"taxonomy":"category","embeddable":true,"href":"https:\/\/erena.me\/de\/wp-json\/wp\/v2\/categories?post=42085"},{"taxonomy":"post_tag","embeddable":true,"href":"https:\/\/erena.me\/de\/wp-json\/wp\/v2\/tags?post=42085"}],"curies":[{"name":"wp","href":"https:\/\/api.w.org\/{rel}","templated":true}]}}