{"id":41877,"date":"2025-07-18T13:48:01","date_gmt":"2025-07-18T09:48:01","guid":{"rendered":"https:\/\/erena.me\/?p=41877"},"modified":"2025-07-18T13:49:07","modified_gmt":"2025-07-18T09:49:07","slug":"stadtplanungsreform-in-las-palmas-loest-enteignungssorgen-aus","status":"publish","type":"post","link":"https:\/\/erena.me\/de\/2025\/07\/18\/stadtplanungsreform-in-las-palmas-loest-enteignungssorgen-aus\/","title":{"rendered":"Stadtplanungsreform in Las Palmas l\u00f6st Enteignungssorgen aus"},"content":{"rendered":"<p>Eine neue Stadtplanungsreform der Stadtverwaltung von Las Palmas, der Hauptstadt von Gran Canaria, hat bei Immobilieneigent\u00fcmern und Investoren Besorgnis ausgel\u00f6st. W\u00e4hrend die lokalen Beh\u00f6rden betonen, dass die Initiative auf eine Modernisierung der Stadt, die Reduzierung der Verkehrsbelastung und eine nachhaltige Entwicklung abzielt, bef\u00fcrchten Kritiker Zwangsenteignungen und eine Abwertung von Immobilien in zentralen Stadtvierteln.<\/p>\n<p>Die Debatte spiegelt eine europaweite Tendenz wider, bei der der Druck zur Modernisierung urbaner R\u00e4ume zunehmend mit dem Schutz privater Eigentumsrechte kollidiert.<\/p>\n<h2>Was sieht die Reform vor?<\/h2>\n<p>Das vom Stadtplanungsamt vorgelegte Reformpaket umfasst tiefgreifende \u00c4nderungen in der Fl\u00e4chennutzung und Stadtstruktur, insbesondere in dicht bebauten oder st\u00e4dtebaulich unregelm\u00e4\u00dfig entwickelten Gebieten. Zu den Hauptpunkten geh\u00f6ren:<\/p>\n<ul>\n<li><strong>Umstrukturierung des Stra\u00dfennetzes<\/strong> mit Fokus auf Fu\u00dfg\u00e4nger- und Fahrradfreundlichkeit<\/li>\n<li><strong>Schaffung neuer Gr\u00fcnzonen und \u00f6ffentlicher R\u00e4ume<\/strong> in infrastrukturschwachen Vierteln<\/li>\n<li><strong>Begrenzung der Geb\u00e4udeh\u00f6he und Bebauungsdichte<\/strong> in bestimmten Stadtteilen<\/li>\n<li><strong>Einf\u00fchrung von \u201eZonen \u00f6ffentlichen Interesses\u201c<\/strong>, was beschleunigte Enteignungsverfahren erm\u00f6glichen k\u00f6nnte<\/li>\n<li><strong>Ma\u00dfnahmen zur Klimaanpassung<\/strong>, etwa Umweltzonen und Verkehrsbeschr\u00e4nkungen im historischen Zentrum<\/li>\n<\/ul>\n<p>Laut Stadtverwaltung soll die Reform zu einer nachhaltigen, lebenswerten und zukunftsf\u00e4higen Stadtentwicklung beitragen.<\/p>\n<h2>Alarm bei Immobilieneigent\u00fcmern<\/h2>\n<p>Trotz positiver Darstellung durch die Beh\u00f6rden sehen sich viele Eigent\u00fcmer mit existenziellen Risiken konfrontiert. Die Hauptsorge: <strong>Zwangsenteignung<\/strong> oder <strong>Umwidmung von Grundst\u00fccken<\/strong>, wodurch der Verkauf, die Renovierung oder Vermietung von Immobilien stark eingeschr\u00e4nkt w\u00fcrde.<\/p>\n<p>Die h\u00e4ufigsten Kritikpunkte:<\/p>\n<ul>\n<li><strong>Unklare Definition<\/strong> von \u201e\u00f6ffentlichem Interesse\u201c, was rechtliche Unsicherheit schafft<\/li>\n<li><strong>Unzureichende Entsch\u00e4digung<\/strong> bei Enteignungen, insbesondere f\u00fcr \u00e4ltere Geb\u00e4ude mit geringer Energieeffizienz<\/li>\n<li><strong>Intransparente Zeitpl\u00e4ne und Kriterien<\/strong> f\u00fcr die Umsetzung<\/li>\n<li><strong>Gef\u00e4hrdung kleiner Betriebe<\/strong>, die durch Bauprojekte Kunden verlieren oder umsiedeln m\u00fcssten<\/li>\n<\/ul>\n<p>Mar\u00eda L\u00f3pez, Eigent\u00fcmerin eines Mietshauses in Vega de San Jos\u00e9, berichtet:<\/p>\n<blockquote><p>\u201eUnser Geb\u00e4ude ist alt, aber intakt. Jetzt hei\u00dft es, es k\u00f6nne als veraltet gelten und enteignet werden. Was wird aus uns und unseren Mietern?\u201c<\/p><\/blockquote>\n<h2>Investitionsklima in Gefahr<\/h2>\n<p>Die Reform wirkt sich bereits negativ auf den Immobilienmarkt aus. Laut <em>Canaria Inversi\u00f3n Urbana<\/em> sind die Verkaufszahlen in den zentralen und \u00f6stlichen Vierteln von Las Palmas im ersten Halbjahr 2025 um 22\u202f% zur\u00fcckgegangen. In potenziell betroffenen Zonen fielen die Preise um durchschnittlich 8\u201312\u202f%.<\/p>\n<p>Las Palmas galt bisher als attraktiver Markt mit hohen Mieteinnahmen und knappem Angebot. Laut <em>Grupo Atl\u00e1ntico Real<\/em> haben rund 30\u202f% der potenziellen Investoren in Stadtteilen wie La Isleta ihre Kaufabsichten verschoben oder storniert.<\/p>\n<h2>Experten: Reform notwendig \u2013 aber nur mit Klarheit und Fairness<\/h2>\n<p>Stadtplanungsexperten halten eine Modernisierung grunds\u00e4tzlich f\u00fcr sinnvoll, insbesondere angesichts von Klimarisiken, Gentrifizierung und Bev\u00f6lkerungswachstum. Sie mahnen jedoch zu <strong>rechtlicher Klarheit, Transparenz<\/strong> und <strong>fairer Entsch\u00e4digung<\/strong>.<\/p>\n<p>Juan P\u00e9rez, Professor f\u00fcr Stadtplanung an der Universit\u00e4t Las Palmas, warnt:<\/p>\n<blockquote><p>\u201eSt\u00e4dte m\u00fcssen sich weiterentwickeln. Doch Ma\u00dfnahmen m\u00fcssen rechtm\u00e4\u00dfig, verh\u00e4ltnism\u00e4\u00dfig und entsch\u00e4digt sein \u2013 sonst verlieren die Menschen das Vertrauen in die Verwaltung.\u201c<\/p><\/blockquote>\n<p>Besonders in einem bereits angespannten europ\u00e4ischen Immobilienmarkt sei unklare Politik Gift f\u00fcr Investitionen.<\/p>\n<h2>Juristische Schritte und Proteste<\/h2>\n<p>Juristische Kanzleien wie <em>LexCan Abogados<\/em> bereiten Klagen gegen mutma\u00dflich verfassungswidrige Enteignungen vor. Die geplanten Verfahren konzentrieren sich auf:<\/p>\n<ul>\n<li>Rechtsunsicherheit durch schwammige Formulierungen<\/li>\n<li>Fehlende B\u00fcrgerbeteiligung bei der Gebietsausweisung<\/li>\n<li>M\u00f6gliche Verst\u00f6\u00dfe gegen Eigentumsrechte nach spanischem und EU-Recht<\/li>\n<li>Verz\u00f6gerte oder unzureichende Entsch\u00e4digungen<\/li>\n<\/ul>\n<p>Einige Eigent\u00fcmer haben bereits Antr\u00e4ge auf einstweilige Verf\u00fcgungen gestellt, um die Umsetzung in bestimmten Bezirken zu stoppen.<\/p>\n<h2>Offizielle Reaktion<\/h2>\n<p>Im Juni 2025 versuchte B\u00fcrgermeister Alejandro Ram\u00edrez in einer Pressekonferenz die Wogen zu gl\u00e4tten:<\/p>\n<blockquote><p>\u201eKein Bewohner wird ohne Wohnung dastehen. Jeder Einzelfall wird gepr\u00fcft.\u201c<\/p><\/blockquote>\n<p>Er betonte, dass die Reform auf <strong>kooperative Stadtentwicklung<\/strong> abzielt. Es sei denkbar, <strong>Grundst\u00fcckstausch oder Renovierungszusch\u00fcsse<\/strong> f\u00fcr Betroffene anzubieten. Konkrete gesetzliche Garantien dazu stehen aber noch aus.<\/p>\n<h2>Auswirkungen auf den Immobilienmarkt<\/h2>\n<p>Im Juli 2025 liegen die Quadratmeterpreise in Altbauvierteln bei 1.800\u20132.200\u202f\u20ac. In geplanten Fu\u00dfg\u00e4ngerzonen und Gr\u00fcnfl\u00e4chengebieten sanken sie teils auf 1.600\u202f\u20ac\/m\u00b2. In unbeeintr\u00e4chtigten Vierteln wie Tafira oder Ciudad Alta bleiben die Preise stabil bei 2.400\u20132.600\u202f\u20ac\/m\u00b2, mit einer gestiegenen Nachfrage von 17\u202f% im Jahresvergleich.<\/p>\n<p>Auch die Mietrenditen geraten unter Druck: In Gebieten mit unklarer Zukunft berichten Vermieter von l\u00e4ngeren Leerst\u00e4nden und sinkender Nachfrage.<\/p>\n<h2>Parallelen in Europa<\/h2>\n<p>Las Palmas ist kein Einzelfall. St\u00e4dte wie Amsterdam, Berlin und Paris stehen vor \u00e4hnlichen Herausforderungen. Das Beispiel zeigt, wie wichtig <strong>klare Regeln, partizipative Prozesse<\/strong> und <strong>stufenweise Umsetzung<\/strong> f\u00fcr erfolgreiche Stadtumbauprojekte sind.<\/p>\n<p>Die Abw\u00e4gung zwischen Allgemeinwohl und Eigentumsrechten ist komplex \u2013 und f\u00fcr den sozialen Frieden unerl\u00e4sslich.<\/p>\n<h2>Fazit<\/h2>\n<p>Die Stadtplanungsreform in Las Palmas k\u00f6nnte einen entscheidenden Wendepunkt f\u00fcr die Stadtentwicklung markieren. Ihre Ziele \u2013 Nachhaltigkeit, Mobilit\u00e4t und Lebensqualit\u00e4t \u2013 sind richtig. Doch ohne <strong>klare rechtliche Rahmenbedingungen<\/strong>, <strong>faire Entsch\u00e4digungen<\/strong> und <strong>offene Kommunikation<\/strong> droht das Vertrauen der Bev\u00f6lkerung und der Investoren zu schwinden.<\/p>\n<p>Wenn Las Palmas zur modernen und lebenswerten Stadt von morgen werden will, muss der Weg dahin gerecht und transparent gestaltet werden \u2013 eine Aufgabe, die viele europ\u00e4ische St\u00e4dte in den kommenden Jahren ebenfalls bew\u00e4ltigen m\u00fcssen.<\/p>\n","protected":false},"excerpt":{"rendered":"<p>Eine neue Stadtplanungsreform der Stadtverwaltung von Las Palmas, der Hauptstadt von Gran Canaria, hat bei Immobilieneigent\u00fcmern&hellip;<\/p>\n","protected":false},"author":5,"featured_media":41777,"comment_status":"open","ping_status":"open","sticky":false,"template":"","format":"standard","meta":{"_lmt_disableupdate":"","_lmt_disable":"","footnotes":""},"categories":[68],"tags":[168],"class_list":["post-41877","post","type-post","status-publish","format-standard","has-post-thumbnail","hentry","category-informationen","tag-guide-spanien"],"_links":{"self":[{"href":"https:\/\/erena.me\/de\/wp-json\/wp\/v2\/posts\/41877","targetHints":{"allow":["GET"]}}],"collection":[{"href":"https:\/\/erena.me\/de\/wp-json\/wp\/v2\/posts"}],"about":[{"href":"https:\/\/erena.me\/de\/wp-json\/wp\/v2\/types\/post"}],"author":[{"embeddable":true,"href":"https:\/\/erena.me\/de\/wp-json\/wp\/v2\/users\/5"}],"replies":[{"embeddable":true,"href":"https:\/\/erena.me\/de\/wp-json\/wp\/v2\/comments?post=41877"}],"version-history":[{"count":0,"href":"https:\/\/erena.me\/de\/wp-json\/wp\/v2\/posts\/41877\/revisions"}],"wp:featuredmedia":[{"embeddable":true,"href":"https:\/\/erena.me\/de\/wp-json\/wp\/v2\/media\/41777"}],"wp:attachment":[{"href":"https:\/\/erena.me\/de\/wp-json\/wp\/v2\/media?parent=41877"}],"wp:term":[{"taxonomy":"category","embeddable":true,"href":"https:\/\/erena.me\/de\/wp-json\/wp\/v2\/categories?post=41877"},{"taxonomy":"post_tag","embeddable":true,"href":"https:\/\/erena.me\/de\/wp-json\/wp\/v2\/tags?post=41877"}],"curies":[{"name":"wp","href":"https:\/\/api.w.org\/{rel}","templated":true}]}}