{"id":40607,"date":"2025-07-21T22:05:42","date_gmt":"2025-07-21T18:05:42","guid":{"rendered":"https:\/\/erena.me\/?p=40607"},"modified":"2025-07-21T22:06:45","modified_gmt":"2025-07-21T18:06:45","slug":"london-richtet-gro-retail-herbst-2025-aus-fuehrende-koepfe-aus-franchise-und-immobilien-vereint","status":"publish","type":"post","link":"https:\/\/erena.me\/de\/2025\/07\/21\/london-richtet-gro-retail-herbst-2025-aus-fuehrende-koepfe-aus-franchise-und-immobilien-vereint\/","title":{"rendered":"London richtet GRO Retail Herbst 2025 aus: F\u00fchrende K\u00f6pfe aus Franchise und Immobilien vereint"},"content":{"rendered":"<p>Vom <strong>14. bis 16. Oktober 2025<\/strong> wird London zum internationalen Zentrum des Einzelhandels, der Franchisebranche und der Gewerbeimmobilien. Die Veranstaltung <strong>GRO Retail Herbst 2025<\/strong> findet im renommierten <strong>Olympia London<\/strong> statt und bringt f\u00fchrende Akteure aus ganz Europa, dem Nahen Osten und Asien zusammen \u2013 darunter Markeninhaber, Franchisegeber, Immobilienentwickler und PropTech-Innovatoren.<\/p>\n<h2>Umfang und Ziel der Veranstaltung<\/h2>\n<p>GRO Retail Herbst 2025 gilt als <strong>das gr\u00f6\u00dfte britische Forum f\u00fcr Franchise- und Einzelhandelsimmobilien<\/strong> der letzten Jahre. Erwartet werden \u00fcber <strong>400 Aussteller<\/strong> und mehr als <strong>10.000 Fachbesucher<\/strong>.<\/p>\n<p>Die Veranstaltung versteht sich nicht nur als Messe, sondern als <strong>strategische Plattform f\u00fcr Networking und Gesch\u00e4ftsanbahnung<\/strong>, mit:<\/p>\n<ul>\n<li>Produkt- und Markenpr\u00e4sentationen<\/li>\n<li>Zukunftsorientierten Keynotes und Fachvortr\u00e4gen<\/li>\n<li>Panels zu Transformation und Investment im Einzelhandel<\/li>\n<li>Schwerpunkten zu PropTech und ESG<\/li>\n<li>Hunderten vorab vereinbarter B2B-Meetings<\/li>\n<\/ul>\n<p>Das Hauptziel: <strong>Franchisegeber, Einzelh\u00e4ndler, Immobilienbesitzer und Investoren miteinander vernetzen<\/strong>, um gemeinsam die Zukunft des station\u00e4ren Handels zu gestalten.<\/p>\n<h2>Wer ist dabei?<\/h2>\n<p>Teilnehmer sind unter anderem:<\/p>\n<ul>\n<li>Internationale Einzelhandelsmarken: <strong>Zara, Marks &amp; Spencer, Carrefour, JD Sports, Lidl, H&amp;M<\/strong><\/li>\n<li>Immobilienunternehmen: <strong>British Land, Landsec, Unibail-Rodamco-Westfield<\/strong><\/li>\n<li>Franchise-Netzwerke: <strong>Costa Coffee, Greggs, Anytime Fitness, Subway<\/strong><\/li>\n<li>PropTech-Anbieter: <strong>Re-Leased, Mallcomm, VTS, Placer.ai<\/strong><\/li>\n<li>Investmentgesellschaften: <strong>LaSalle, Nuveen, Savills IM, Grosvenor<\/strong><\/li>\n<li>Juristische und strategische Berater aus dem B2B-Bereich<\/li>\n<\/ul>\n<p>Diese Vielfalt macht GRO Retail zu einem Schl\u00fcsselforum f\u00fcr <strong>neue Mietmodelle, innovative Fl\u00e4chenkonzepte und strategische Gesch\u00e4ftsabschl\u00fcsse<\/strong>.<\/p>\n<h2>Themenschwerpunkte und Veranstaltungsstruktur<\/h2>\n<p>Die Messe gliedert sich in mehrere Themenbereiche mit eigenen B\u00fchnen:<\/p>\n<h3>Franchising der n\u00e4chsten Generation<\/h3>\n<p>Diskussionen \u00fcber:<\/p>\n<ul>\n<li>Schnell wachsende Franchiseformate und Mikro-Investments<\/li>\n<li>\u201eFranchise-as-a-Tenant\u201c-Modelle<\/li>\n<li>Digitale Tools zur Netzwerkverwaltung<\/li>\n<li>Inflation und deren Einfluss auf Geb\u00fchrenstrukturen<\/li>\n<li>Juristische Aspekte internationaler Expansion<\/li>\n<\/ul>\n<h3>Die Zukunft des Einzelhandels<\/h3>\n<p>Fokusthemen:<\/p>\n<ul>\n<li>Wandel von Einkaufszentren zu Erlebniszonen<\/li>\n<li>Pop-up- und Omnichannel-Formate<\/li>\n<li>Dark Stores, Showrooms und hybride Verkaufsfl\u00e4chen<\/li>\n<li>Neue Mietvertr\u00e4ge: Umsatzmiete, flexible Laufzeiten<\/li>\n<\/ul>\n<h3>PropTech und Digitalisierung<\/h3>\n<p>Vorgestellt werden:<\/p>\n<ul>\n<li>Tools zur Mieterverwaltung und Fl\u00e4chenanalyse<\/li>\n<li>Besucher- und Verhaltensdaten in Echtzeit<\/li>\n<li>Automatisierte Vertragsprozesse und KI-gest\u00fctzte Berichte<\/li>\n<li>Verkn\u00fcpfung von Online- und Offline-Handel<\/li>\n<\/ul>\n<h3>ESG und nachhaltiger Handel<\/h3>\n<p>Zentrale Themen:<\/p>\n<ul>\n<li>Nachhaltige Baustoffe und energieeffiziente Architektur<\/li>\n<li>LED-Beleuchtung, CO\u2082-Monitoring, Smart Buildings<\/li>\n<li>Barrierefreiheit und soziale Integration<\/li>\n<li>Letzte-Meile-Logistik und urbane Nachhaltigkeit<\/li>\n<\/ul>\n<h2>Marktpreise, Investitionen und Prognosen<\/h2>\n<p>Laut CBRE und Cushman &amp; Wakefield liegen <strong>die Mieten in Londons Top-Lagen<\/strong> 2025 zwischen <strong>2.000 und 6.000 \u20ac\/m\u00b2 j\u00e4hrlich<\/strong>. In den Au\u00dfenbezirken bewegen sich die Preise zwischen <strong>900 und 1.500 \u20ac\/m\u00b2<\/strong>.<\/p>\n<p>Insgesamt werden <strong>Immobilieninvestitionen im britischen Einzelhandelssektor<\/strong> im zweiten Halbjahr 2025 auf <strong>12\u201314 Milliarden Euro<\/strong> gesch\u00e4tzt, wovon rund <strong>25\u202f% auf Handelsfl\u00e4chen entfallen<\/strong>.<\/p>\n<h2>Gesch\u00e4ftschancen und Networking<\/h2>\n<p>\u00dcber <strong>70\u202f% der Messebesucher<\/strong> verf\u00fcgen laut Veranstaltern \u00fcber direkten Entscheidungs- oder Investitionsspielraum. GRO Retail bietet:<\/p>\n<ul>\n<li>Private Matchmaking-Termine<\/li>\n<li>Eine exklusive Deal Room-Zone<\/li>\n<li>Live-Pitches und Paneldiskussionen<\/li>\n<li>Networking-Lounges f\u00fcr informelle Gespr\u00e4che<\/li>\n<\/ul>\n<p>Neu in diesem Jahr: Die <strong>Retail Innovation Awards<\/strong>, bei denen Start-ups ihre L\u00f6sungen f\u00fcr smarte Vermietung, Kundenerlebnis und datengest\u00fctzte Fl\u00e4chenoptimierung pr\u00e4sentieren.<\/p>\n<h2>Bedeutung f\u00fcr die Branche<\/h2>\n<p>In Zeiten des strukturellen Wandels und der Digitalisierung stellt GRO Retail Herbst 2025 mehr als nur einen Branchentreff dar: Es ist ein <strong>Impulsgeber f\u00fcr zukunftssichere Gesch\u00e4ftsmodelle und innovative Handelskonzepte<\/strong>.<\/p>\n<p>F\u00fcr Eigent\u00fcmer bietet sich die Chance, ihre Objekte <strong>als multifunktionale Erlebnisfl\u00e4chen neu zu denken<\/strong>. Franchisegeber und Markeninhaber erhalten Zugang zu <strong>neuen M\u00e4rkten und Kapitalquellen<\/strong>.<\/p>\n<h2>Fazit<\/h2>\n<p><strong>GRO Retail Herbst 2025<\/strong> wird ein Meilenstein f\u00fcr den europ\u00e4ischen Einzelhandel und Gewerbeimmobilienmarkt. Die Messe vereint Innovation, Strategie und Investment an einem Ort.<\/p>\n<p>Ob Franchisegeber, Investor, Fl\u00e4chenbetreiber oder Technologieanbieter \u2013 <strong>GRO Retail 2025 ist das ideale Sprungbrett f\u00fcr Wachstum und nachhaltigen Erfolg<\/strong>.<\/p>\n<p>&nbsp;<\/p>\n","protected":false},"excerpt":{"rendered":"<p>Vom 14. bis 16. Oktober 2025 wird London zum internationalen Zentrum des Einzelhandels, der Franchisebranche und&hellip;<\/p>\n","protected":false},"author":5,"featured_media":40552,"comment_status":"open","ping_status":"open","sticky":false,"template":"","format":"standard","meta":{"_lmt_disableupdate":"","_lmt_disable":"","footnotes":""},"categories":[541,543],"tags":[430],"class_list":["post-40607","post","type-post","status-publish","format-standard","has-post-thumbnail","hentry","category-event","category-events","tag-vereinigtes-koenigreich"],"_links":{"self":[{"href":"https:\/\/erena.me\/de\/wp-json\/wp\/v2\/posts\/40607","targetHints":{"allow":["GET"]}}],"collection":[{"href":"https:\/\/erena.me\/de\/wp-json\/wp\/v2\/posts"}],"about":[{"href":"https:\/\/erena.me\/de\/wp-json\/wp\/v2\/types\/post"}],"author":[{"embeddable":true,"href":"https:\/\/erena.me\/de\/wp-json\/wp\/v2\/users\/5"}],"replies":[{"embeddable":true,"href":"https:\/\/erena.me\/de\/wp-json\/wp\/v2\/comments?post=40607"}],"version-history":[{"count":0,"href":"https:\/\/erena.me\/de\/wp-json\/wp\/v2\/posts\/40607\/revisions"}],"wp:featuredmedia":[{"embeddable":true,"href":"https:\/\/erena.me\/de\/wp-json\/wp\/v2\/media\/40552"}],"wp:attachment":[{"href":"https:\/\/erena.me\/de\/wp-json\/wp\/v2\/media?parent=40607"}],"wp:term":[{"taxonomy":"category","embeddable":true,"href":"https:\/\/erena.me\/de\/wp-json\/wp\/v2\/categories?post=40607"},{"taxonomy":"post_tag","embeddable":true,"href":"https:\/\/erena.me\/de\/wp-json\/wp\/v2\/tags?post=40607"}],"curies":[{"name":"wp","href":"https:\/\/api.w.org\/{rel}","templated":true}]}}