{"id":39712,"date":"2025-07-15T20:38:09","date_gmt":"2025-07-15T16:38:09","guid":{"rendered":"https:\/\/erena.me\/?p=39712"},"modified":"2025-07-15T20:39:30","modified_gmt":"2025-07-15T16:39:30","slug":"die-eu-draengt-auf-schnellere-verwendung-des-wiederaufbaufonds-fuer-gruene-technologien","status":"publish","type":"post","link":"https:\/\/erena.me\/de\/2025\/07\/15\/die-eu-draengt-auf-schnellere-verwendung-des-wiederaufbaufonds-fuer-gruene-technologien\/","title":{"rendered":"Die EU dr\u00e4ngt auf schnellere Verwendung des Wiederaufbaufonds f\u00fcr gr\u00fcne Technologien"},"content":{"rendered":"<p>Die Europ\u00e4ische Union erh\u00f6ht den Druck auf die Mitgliedstaaten, die Mittel aus dem 806\u202fMilliarden\u202f\u20ac schweren Wiederaufbaufonds \u201eNextGenerationEU\u201c z\u00fcgiger und zielgerichteter einzusetzen \u2013 insbesondere zur F\u00f6rderung gr\u00fcner Technologien. Angesichts schleppender Fortschritte warnt die Europ\u00e4ische Kommission, dass Verz\u00f6gerungen nicht nur die Klimaziele der EU gef\u00e4hrden, sondern auch ihre Wettbewerbsf\u00e4higkeit im globalen Zukunftsmarkt f\u00fcr saubere Technologien.<\/p>\n<h2>Der gr\u00fcne Wandel als strategische Priorit\u00e4t<\/h2>\n<p>Der Wiederaufbaufonds wurde 2020 als Reaktion auf die COVID-19-Pandemie geschaffen, um wirtschaftliche Erholung mit einem nachhaltigen, klimaneutralen Umbau Europas zu verbinden. Mindestens 37\u202f% der Mittel aus den nationalen Wiederaufbaupl\u00e4nen der Mitgliedstaaten m\u00fcssen in gr\u00fcne Projekte flie\u00dfen. Dazu z\u00e4hlen:<\/p>\n<ul>\n<li>Ausbau erneuerbarer Energien (Solar, Wind, Wasserstoff),<\/li>\n<li>energetische Sanierung von Geb\u00e4uden,<\/li>\n<li>emissionsfreier \u00f6ffentlicher Verkehr,<\/li>\n<li>F\u00f6rderung von gr\u00fcner Industrieinnovation,<\/li>\n<li>Dekarbonisierung von Lieferketten und Produktion.<\/li>\n<\/ul>\n<p>Doch bis Mitte 2025 warnt die Kommission: Ein erheblicher Teil der Mittel ist zwar zugewiesen, aber noch nicht abgerufen oder eingesetzt \u2013 mit potenziell weitreichenden Folgen.<\/p>\n<h2>Wer bremst, wer f\u00fchrt?<\/h2>\n<p>Laut aktuellem Bericht der Kommission wurden zwar rund 65\u202f% der Mittel an die Mitgliedstaaten verteilt, aber nur etwa 40\u202f% davon tats\u00e4chlich f\u00fcr Projekte ausgegeben. L\u00e4nder wie Bulgarien, die Slowakei, Kroatien oder Rum\u00e4nien hinken hinterher \u2013 Gr\u00fcnde sind administrative H\u00fcrden, Fachkr\u00e4ftemangel und politische Unsicherheiten.<\/p>\n<p>Anders sieht es in Deutschland, Frankreich, den Niederlanden und D\u00e4nemark aus: Hier werden Projekte z\u00fcgig umgesetzt. Deutschland investiert massiv in W\u00e4rmenetze und Wasserstoffinfrastruktur, Frankreich setzt auf nachhaltige Mobilit\u00e4t und die energetische Sanierung von Wohngeb\u00e4uden.<\/p>\n<h2>Die Kommission versch\u00e4rft die Kontrolle<\/h2>\n<p>Im Juni 2025 ver\u00f6ffentlichte die Kommission neue Leitlinien und drohte s\u00e4umigen Staaten mit der K\u00fcrzung nicht genutzter Mittel. EU-Wirtschaftskommissar Paolo Gentiloni erkl\u00e4rte:<\/p>\n<blockquote><p>\u201eDer Wiederaufbaufonds ist nicht nur ein finanzielles Instrument \u2013 er ist unsere Br\u00fccke in eine gr\u00fcnere Zukunft. Jeder R\u00fcckstand ist eine verpasste Chance f\u00fcr Energiesouver\u00e4nit\u00e4t und neue Arbeitspl\u00e4tze.\u201c<\/p><\/blockquote>\n<p>Gleichzeitig wird diskutiert, nicht genutzte Mittel k\u00fcnftig flexibler umzuverteilen \u2013 etwa an L\u00e4nder, die schneller und effizienter investieren.<\/p>\n<h2>Druck aus der Wirtschaft<\/h2>\n<p>Auch die europ\u00e4ische Industrie fordert mehr Tempo. W\u00e4hrend die USA mit dem \u201eInflation Reduction Act\u201c \u00fcber 370\u202fMilliarden\u202f$ in gr\u00fcne Technologien investieren und China den Markt f\u00fcr Solar- und Batterietechnologien dominiert, droht Europa ins Hintertreffen zu geraten.<\/p>\n<p>Branchenverb\u00e4nde f\u00fcr Photovoltaik, Batterien und Wasserstofftechnologien verlangen:<\/p>\n<ul>\n<li>digitale Plattformen f\u00fcr schnelleren Zugang zu F\u00f6rdermitteln,<\/li>\n<li>k\u00fcrzere Genehmigungsverfahren,<\/li>\n<li>transparente Mittelvergabe und Zeitpl\u00e4ne,<\/li>\n<li>gezielte F\u00f6rderung von lokal produzierten Komponenten.<\/li>\n<\/ul>\n<p>Fehlt es an Anreizen und Geschwindigkeit, k\u00f6nnten Unternehmen und Start-ups Europa den R\u00fccken kehren.<\/p>\n<h2>Gerechter \u00f6kologischer Wandel<\/h2>\n<p>Die Kommission betont: Der \u00dcbergang zur gr\u00fcnen Wirtschaft darf sozial nicht einseitig sein. Der Fonds soll auch benachteiligte Haushalte und Arbeitnehmer in CO\u2082-intensiven Sektoren unterst\u00fctzen \u2013 etwa durch Umschulungen und F\u00f6rderprogramme f\u00fcr energieeffiziente Modernisierungen.<\/p>\n<p>Beispielhaft investieren L\u00e4nder wie Italien und Spanien in Geb\u00e4udesanierungen f\u00fcr einkommensschwache Familien. In Portugal laufen Programme f\u00fcr Solaranlagen auf Sozialwohnungen \u2013 Projekte, die \u00d6kologie mit sozialer Gerechtigkeit verbinden.<\/p>\n<h2>Geopolitik und Technologiewettlauf<\/h2>\n<p>Im internationalen Vergleich steht Europa unter Druck. China dominiert bei Produktion, die USA locken mit Subventionen. Die EU setzt auf Nischen: Offshore-Windkraft, gr\u00fcner Wasserstoff, Kreislaufwirtschaft.<\/p>\n<p>Doch ohne rechtzeitige Investitionen droht Europa an strategischer Autonomie zu verlieren. Schon heute fehlen Produktionskapazit\u00e4ten f\u00fcr viele Schl\u00fcsselkomponenten.<\/p>\n<h2>Politische Brisanz<\/h2>\n<p>Mit Blick auf die Europawahlen 2026 wird das Thema zunehmend politisch. Konservative Parteien fordern mitunter Lockerungen bei Umweltvorgaben, um kurzfristig das Wachstum zu f\u00f6rdern. Die Kommission h\u00e4lt dagegen: Nachhaltigkeit ist keine Last, sondern ein Baustein wirtschaftlicher Resilienz.<\/p>\n<p>Auch die Bev\u00f6lkerung ist gespalten: Viele unterst\u00fctzen Klimaschutz, andere f\u00fcrchten h\u00f6here Energiekosten und mehr B\u00fcrokratie.<\/p>\n<h2>Fazit<\/h2>\n<p>Der EU-Wiederaufbaufonds ist eine historische Chance, Europa nachhaltiger, unabh\u00e4ngiger und innovativer zu machen. Doch daf\u00fcr braucht es Tempo, Entschlossenheit und effiziente Umsetzung.<\/p>\n<p>Die Mitgliedstaaten m\u00fcssen Barrieren abbauen, Priorit\u00e4ten setzen und gemeinsam handeln \u2013 damit Europas Weg in die gr\u00fcne Zukunft nicht ins Stocken ger\u00e4t, sondern zum Vorbild wird.<\/p>\n","protected":false},"excerpt":{"rendered":"<p>Die Europ\u00e4ische Union erh\u00f6ht den Druck auf die Mitgliedstaaten, die Mittel aus dem 806\u202fMilliarden\u202f\u20ac schweren Wiederaufbaufonds&hellip;<\/p>\n","protected":false},"author":5,"featured_media":40020,"comment_status":"open","ping_status":"open","sticky":false,"template":"","format":"standard","meta":{"_lmt_disableupdate":"","_lmt_disable":"","footnotes":""},"categories":[68],"tags":[145],"class_list":["post-39712","post","type-post","status-publish","format-standard","has-post-thumbnail","hentry","category-informationen","tag-leitfaden"],"_links":{"self":[{"href":"https:\/\/erena.me\/de\/wp-json\/wp\/v2\/posts\/39712","targetHints":{"allow":["GET"]}}],"collection":[{"href":"https:\/\/erena.me\/de\/wp-json\/wp\/v2\/posts"}],"about":[{"href":"https:\/\/erena.me\/de\/wp-json\/wp\/v2\/types\/post"}],"author":[{"embeddable":true,"href":"https:\/\/erena.me\/de\/wp-json\/wp\/v2\/users\/5"}],"replies":[{"embeddable":true,"href":"https:\/\/erena.me\/de\/wp-json\/wp\/v2\/comments?post=39712"}],"version-history":[{"count":0,"href":"https:\/\/erena.me\/de\/wp-json\/wp\/v2\/posts\/39712\/revisions"}],"wp:featuredmedia":[{"embeddable":true,"href":"https:\/\/erena.me\/de\/wp-json\/wp\/v2\/media\/40020"}],"wp:attachment":[{"href":"https:\/\/erena.me\/de\/wp-json\/wp\/v2\/media?parent=39712"}],"wp:term":[{"taxonomy":"category","embeddable":true,"href":"https:\/\/erena.me\/de\/wp-json\/wp\/v2\/categories?post=39712"},{"taxonomy":"post_tag","embeddable":true,"href":"https:\/\/erena.me\/de\/wp-json\/wp\/v2\/tags?post=39712"}],"curies":[{"name":"wp","href":"https:\/\/api.w.org\/{rel}","templated":true}]}}