{"id":25764,"date":"2025-03-12T10:40:45","date_gmt":"2025-03-12T06:40:45","guid":{"rendered":"https:\/\/erena.me\/?p=25764"},"modified":"2025-03-12T10:40:54","modified_gmt":"2025-03-12T06:40:54","slug":"historisches-gebaeude-in-kassel-durch-feuer-beschaedigt-200-000-e-schaden","status":"publish","type":"post","link":"https:\/\/erena.me\/de\/2025\/03\/12\/historisches-gebaeude-in-kassel-durch-feuer-beschaedigt-200-000-e-schaden\/","title":{"rendered":"Historisches Geb\u00e4ude in Kassel durch Feuer besch\u00e4digt \u2013 200.000 \u20ac Schaden"},"content":{"rendered":"<p>In der Nacht von Samstag auf Sonntag brach in einem der historischen Geb\u00e4ude Kassels ein Brand aus und verursachte erhebliche Sch\u00e4den. Laut ersten Berichten wurde das Feuer durch einen Kurzschluss in der Elektrik ausgel\u00f6st. Die Feuerwehr traf wenige Minuten nach dem Notruf ein, doch die Flammen hatten bereits gro\u00dfe Teile der Fassade, des Daches und der Innenr\u00e4ume zerst\u00f6rt. Experten sch\u00e4tzen den Gesamtschaden auf <strong>200.000 \u20ac<\/strong>.<\/p>\n<h2>Ursachen und Ablauf des Vorfalls<\/h2>\n<p>Das Feuer wurde gegen <strong>02:30 Uhr<\/strong> in der Wilhelmstra\u00dfe, einer der Hauptstra\u00dfen der Stadt, gemeldet. Zeugen bemerkten zun\u00e4chst dichten Rauch, der aus den oberen Stockwerken drang. Innerhalb von <strong>20 Minuten<\/strong> trafen mehrere Feuerwehreinheiten ein und begannen mit den L\u00f6scharbeiten. Das Feuer konnte erst gegen <strong>04:00 Uhr<\/strong> vollst\u00e4ndig unter Kontrolle gebracht werden.<\/p>\n<p>Experten vermuten, dass <strong>ein Kurzschluss in der Elektrik<\/strong> die Ursache war, aber eine vollst\u00e4ndige Untersuchung steht noch aus. Die Elektroinstallation des Geb\u00e4udes war seit <strong>\u00fcber 30 Jahren<\/strong> nicht erneuert worden, was m\u00f6glicherweise zu einer \u00dcberhitzung und anschlie\u00dfender Entz\u00fcndung gef\u00fchrt hat.<\/p>\n<h2>Sch\u00e4den und Kostensch\u00e4tzung<\/h2>\n<p>Laut Gutachtern entstanden folgende Sch\u00e4den:<\/p>\n<p>\ud83d\udd25 <strong>Schwer besch\u00e4digtes Dach<\/strong>, die Wiederherstellung wird auf <strong>80.000 \u20ac<\/strong> gesch\u00e4tzt.<\/p>\n<p>\ud83d\udd25 <strong>Verbrannte Fassade<\/strong>, die Restaurierungskosten belaufen sich auf <strong>50.000 \u20ac<\/strong>.<\/p>\n<p>\ud83d\udd25 <strong>Wassersch\u00e4den im Inneren des Geb\u00e4udes<\/strong> durch die L\u00f6scharbeiten, Reparaturkosten von <strong>70.000 \u20ac<\/strong>.<\/p>\n<p>\ud83d\udd25 <strong>Verlust historischer Dekorationselemente<\/strong>, die Sch\u00e4den am Kulturerbe sind noch nicht vollst\u00e4ndig beziffert.<\/p>\n<h2>Reaktion der Beh\u00f6rden und n\u00e4chste Schritte<\/h2>\n<p>Die Stadtverwaltung von Kassel \u00e4u\u00dferte sich besorgt \u00fcber den Vorfall. Der B\u00fcrgermeister betonte, dass <strong>das Geb\u00e4ude Teil des historischen Erbes Kassels ist<\/strong> und dass die Stadt <strong>Mittel f\u00fcr die Restaurierung bereitstellen wird<\/strong>.<\/p>\n<p>\ud83d\udee0 <strong>Der Wiederherstellungsplan umfasst:<\/strong><\/p>\n<p>\u2714\ufe0f <strong>Eine vollst\u00e4ndige technische Inspektion<\/strong> der besch\u00e4digten Struktur.<\/p>\n<p>\u2714\ufe0f <strong>Die Entwicklung eines Restaurierungsplans<\/strong> f\u00fcr die Fassade und das Dach.<\/p>\n<p>\u2714\ufe0f <strong>Sicherstellung der Finanzierung und Gewinnung von Investoren<\/strong> f\u00fcr die Sanierung.<\/p>\n<p>\u2714\ufe0f <strong>Modernisierung der elektrischen Anlagen<\/strong>, um zuk\u00fcnftige Vorf\u00e4lle zu verhindern.<\/p>\n<h2>Finanzierung und Unterst\u00fctzung<\/h2>\n<p>Die Stadt hat bereits <strong>100.000 \u20ac<\/strong> f\u00fcr Sofortma\u00dfnahmen bereitgestellt, um eine weitere Verschlechterung des Geb\u00e4udes zu verhindern. Weitere Finanzierungsquellen werden gepr\u00fcft:<\/p>\n<p>\ud83d\udcb0 <strong>Staatliche Zusch\u00fcsse<\/strong> f\u00fcr die Restaurierung historischer Geb\u00e4ude \u2013 m\u00f6gliche Mittel bis zu <strong>50.000 \u20ac<\/strong>.<\/p>\n<p>\ud83c\udfdb <strong>Private Investitionen<\/strong> \u2013 Gespr\u00e4che mit Investoren und Organisationen zur Erhaltung des architektonischen Erbes von Kassel laufen.<\/p>\n<p>\ud83c\udfd7 <strong>Versicherungsleistungen<\/strong> \u2013 Die Versicherungsgesellschaft bewertet derzeit den Schaden, eine Erstattung von bis zu <strong>50.000 \u20ac<\/strong> ist m\u00f6glich.<\/p>\n<h2>Auswirkungen auf die Stadt und die Anwohner<\/h2>\n<p>Der Brand hat bei den B\u00fcrgern Kassels Besorgnis ausgel\u00f6st, da das Geb\u00e4ude eines der architektonischen Wahrzeichen der Stadt ist. Zudem waren in dem Geb\u00e4ude mehrere <strong>B\u00fcros von Unternehmen<\/strong> untergebracht, die nun vor\u00fcbergehend geschlossen bleiben.<\/p>\n<p>\ud83c\udfe2 <strong>Auswirkungen auf Unternehmen<\/strong> \u2013 Mieter des Geb\u00e4udes m\u00fcssen nach Alternativen suchen, was ihre finanzielle Stabilit\u00e4t beeintr\u00e4chtigen k\u00f6nnte.<\/p>\n<p>\ud83c\udfe0 <strong>Anwohner<\/strong> \u2013 Sie wurden vorsorglich evakuiert, gl\u00fccklicherweise gab es keine Verletzten.<\/p>\n<p>\ud83c\udf0d <strong>Kulturelle Bedeutung<\/strong> \u2013 Kassel ist bekannt f\u00fcr sein architektonisches Erbe, und der Verlust eines historischen Geb\u00e4udes k\u00f6nnte die touristische Anziehungskraft der Stadt negativ beeinflussen.<\/p>\n<h2>Fazit<\/h2>\n<p>Der Brand in dem historischen Geb\u00e4ude in Kassel hat erhebliche finanzielle und kulturelle Sch\u00e4den verursacht. Dank des schnellen Einsatzes der Feuerwehr konnte jedoch eine Ausbreitung des Feuers auf benachbarte Geb\u00e4ude verhindert werden. Die Stadtverwaltung hat bereits mit der Restaurierung begonnen, die durch den st\u00e4dtischen Haushalt, Versicherungsleistungen und private Investitionen finanziert werden soll. In den kommenden Monaten wird Kassel daran arbeiten, das historische Erscheinungsbild des Geb\u00e4udes wiederherzustellen und Ma\u00dfnahmen zur Vermeidung zuk\u00fcnftiger Vorf\u00e4lle zu ergreifen.<\/p>\n","protected":false},"excerpt":{"rendered":"<p>In der Nacht von Samstag auf Sonntag brach in einem der historischen Geb\u00e4ude Kassels ein Brand&hellip;<\/p>\n","protected":false},"author":5,"featured_media":25719,"comment_status":"open","ping_status":"open","sticky":false,"template":"","format":"standard","meta":{"_lmt_disableupdate":"","_lmt_disable":"","footnotes":""},"categories":[68,110,74,56,138],"tags":[151],"class_list":["post-25764","post","type-post","status-publish","format-standard","has-post-thumbnail","hentry","category-informationen","category-immobilien-wissen","category-markt-trends","category-nachrichten","category-reisefuehrer-fuer-deutschland","tag-deutschland"],"_links":{"self":[{"href":"https:\/\/erena.me\/de\/wp-json\/wp\/v2\/posts\/25764","targetHints":{"allow":["GET"]}}],"collection":[{"href":"https:\/\/erena.me\/de\/wp-json\/wp\/v2\/posts"}],"about":[{"href":"https:\/\/erena.me\/de\/wp-json\/wp\/v2\/types\/post"}],"author":[{"embeddable":true,"href":"https:\/\/erena.me\/de\/wp-json\/wp\/v2\/users\/5"}],"replies":[{"embeddable":true,"href":"https:\/\/erena.me\/de\/wp-json\/wp\/v2\/comments?post=25764"}],"version-history":[{"count":0,"href":"https:\/\/erena.me\/de\/wp-json\/wp\/v2\/posts\/25764\/revisions"}],"wp:featuredmedia":[{"embeddable":true,"href":"https:\/\/erena.me\/de\/wp-json\/wp\/v2\/media\/25719"}],"wp:attachment":[{"href":"https:\/\/erena.me\/de\/wp-json\/wp\/v2\/media?parent=25764"}],"wp:term":[{"taxonomy":"category","embeddable":true,"href":"https:\/\/erena.me\/de\/wp-json\/wp\/v2\/categories?post=25764"},{"taxonomy":"post_tag","embeddable":true,"href":"https:\/\/erena.me\/de\/wp-json\/wp\/v2\/tags?post=25764"}],"curies":[{"name":"wp","href":"https:\/\/api.w.org\/{rel}","templated":true}]}}